{"id":269585,"date":"2016-05-17T00:04:59","date_gmt":"2016-05-17T05:04:59","guid":{"rendered":"http:\/\/www.diarioimagen.net\/?p=269585"},"modified":"2016-05-17T03:52:34","modified_gmt":"2016-05-17T08:52:34","slug":"policias-de-naucalpan-reciben-atencion-medica","status":"publish","type":"post","link":"https:\/\/www.diarioimagen.net\/?p=269585","title":{"rendered":"Polic\u00edas de Naucalpan reciben atenci\u00f3n m\u00e9dica"},"content":{"rendered":"<ul>\n<li><strong><em>Jornadas asistenciales del DIF<\/em><\/strong><\/li>\n<\/ul>\n<p>&nbsp;<\/p>\n<div id=\"attachment_269699\" style=\"width: 430px\" class=\"wp-caption aligncenter\"><a href=\"http:\/\/www.diarioimagen.net\/?attachment_id=269699\" rel=\"attachment wp-att-269699\"><img loading=\"lazy\" decoding=\"async\" aria-describedby=\"caption-attachment-269699\" class=\"size-large wp-image-269699\" src=\"http:\/\/www.diarioimagen.net\/wp-content\/uploads\/2016\/05\/NAUCALPAN-2868-420x236.jpg\" alt=\"Iniciaron jornadas m\u00e9dico-asistenciales para elementos de la Direcci\u00f3n General de Seguridad Ciudadana y Tr\u00e1nsito Municipal.\" width=\"420\" height=\"236\" srcset=\"https:\/\/www.diarioimagen.net\/wp-content\/uploads\/2016\/05\/NAUCALPAN-2868-420x236.jpg 420w, https:\/\/www.diarioimagen.net\/wp-content\/uploads\/2016\/05\/NAUCALPAN-2868-240x135.jpg 240w, https:\/\/www.diarioimagen.net\/wp-content\/uploads\/2016\/05\/NAUCALPAN-2868-235x132.jpg 235w, https:\/\/www.diarioimagen.net\/wp-content\/uploads\/2016\/05\/NAUCALPAN-2868-202x114.jpg 202w, https:\/\/www.diarioimagen.net\/wp-content\/uploads\/2016\/05\/NAUCALPAN-2868-350x196.jpg 350w, https:\/\/www.diarioimagen.net\/wp-content\/uploads\/2016\/05\/NAUCALPAN-2868-220x123.jpg 220w, https:\/\/www.diarioimagen.net\/wp-content\/uploads\/2016\/05\/NAUCALPAN-2868-237x132.jpg 237w, https:\/\/www.diarioimagen.net\/wp-content\/uploads\/2016\/05\/NAUCALPAN-2868.jpg 480w\" sizes=\"auto, (max-width: 420px) 100vw, 420px\" \/><\/a><p id=\"caption-attachment-269699\" class=\"wp-caption-text\">Iniciaron jornadas m\u00e9dico-asistenciales para elementos de la Direcci\u00f3n General de Seguridad Ciudadana y Tr\u00e1nsito Municipal.<\/p><\/div>\n<p>&nbsp;<\/p>\n<p><strong>Naucalpan, Estado de M\u00e9xico<\/strong>.- La presidenta del Sistema DIF Naucalpan, Liliana Carbajal de Olvera, dio inicio a las jornadas m\u00e9dico-asistenciales para elementos de la Direcci\u00f3n General de Seguridad Ciudadana y Tr\u00e1nsito Municipal en las instalaciones de la corporaci\u00f3n.<\/p>\n<p>Carbajal de Olvera precis\u00f3 que el objetivo de estas acciones es atender de manera integral la salud de todos y cada uno de los elementos de la polic\u00eda municipal, mismas que ser\u00e1n llevadas a cada una de las 36 zonas de operaci\u00f3n, para atender a todos los elementos.<\/p>\n<p>Acompa\u00f1ada por el director de Seguridad Ciudadana y Tr\u00e1nsito local, comisario Arturo Rodr\u00edguez Garc\u00eda y del titular del Instituto Municipal de Cultura F\u00edsica y Deporte (IMCUFIDE), Gonzalo Farf\u00e1n Infante, Liliana Carbajal mencion\u00f3 que los servicios m\u00e9dicos, odontol\u00f3gicos, de optometr\u00eda, nutriolog\u00eda y psicol\u00f3gicos ofrecidos en las jornadas se complementan a trav\u00e9s de una pol\u00edtica p\u00fablica que es de car\u00e1cter permanente, anunciada por el presidente municipal.<\/p>\n<p>&nbsp;<\/p>\n","protected":false},"excerpt":{"rendered":"<p>La presidenta del Sistema DIF Naucalpan, Liliana Carbajal de Olvera, dio inicio a las jornadas m\u00e9dico-asistenciales para elementos de la Direcci\u00f3n General de Seguridad Ciudadana y Tr\u00e1nsito Municipal en las instalaciones de la corporaci\u00f3n.<\/p>\n","protected":false},"author":3,"featured_media":269699,"comment_status":"open","ping_status":"open","sticky":false,"template":"","format":"standard","meta":{"_monsterinsights_skip_tracking":false,"_monsterinsights_sitenote_active":false,"_monsterinsights_sitenote_note":"","_monsterinsights_sitenote_category":0,"footnotes":""},"categories":[35155],"tags":[43675,970],"class_list":["post-269585","post","type-post","status-publish","format-standard","has-post-thumbnail","hentry","category-estado-de-mexico-estado-de-mexico","tag-estado-de-mexico","tag-naucalpan"],"_links":{"self":[{"href":"https:\/\/www.diarioimagen.net\/index.php?rest_route=\/wp\/v2\/posts\/269585","targetHints":{"allow":["GET"]}}],"collection":[{"href":"https:\/\/www.diarioimagen.net\/index.php?rest_route=\/wp\/v2\/posts"}],"about":[{"href":"https:\/\/www.diarioimagen.net\/index.php?rest_route=\/wp\/v2\/types\/post"}],"author":[{"embeddable":true,"href":"https:\/\/www.diarioimagen.net\/index.php?rest_route=\/wp\/v2\/users\/3"}],"replies":[{"embeddable":true,"href":"https:\/\/www.diarioimagen.net\/index.php?rest_route=%2Fwp%2Fv2%2Fcomments&post=269585"}],"version-history":[{"count":0,"href":"https:\/\/www.diarioimagen.net\/index.php?rest_route=\/wp\/v2\/posts\/269585\/revisions"}],"wp:featuredmedia":[{"embeddable":true,"href":"https:\/\/www.diarioimagen.net\/index.php?rest_route=\/wp\/v2\/media\/269699"}],"wp:attachment":[{"href":"https:\/\/www.diarioimagen.net\/index.php?rest_route=%2Fwp%2Fv2%2Fmedia&parent=269585"}],"wp:term":[{"taxonomy":"category","embeddable":true,"href":"https:\/\/www.diarioimagen.net\/index.php?rest_route=%2Fwp%2Fv2%2Fcategories&post=269585"},{"taxonomy":"post_tag","embeddable":true,"href":"https:\/\/www.diarioimagen.net\/index.php?rest_route=%2Fwp%2Fv2%2Ftags&post=269585"}],"curies":[{"name":"wp","href":"https:\/\/api.w.org\/{rel}","templated":true}]}}