{"id":269595,"date":"2016-05-17T00:10:08","date_gmt":"2016-05-17T05:10:08","guid":{"rendered":"http:\/\/www.diarioimagen.net\/?p=269595"},"modified":"2016-05-17T04:11:37","modified_gmt":"2016-05-17T09:11:37","slug":"nada-que-negociar-con-cnte-dice-osorio","status":"publish","type":"post","link":"https:\/\/www.diarioimagen.net\/?p=269595","title":{"rendered":"Nada qu\u00e9 negociar con CNTE, dice Osorio"},"content":{"rendered":"<ul>\n<li><strong><em>Plant\u00f3n<\/em><\/strong><\/li>\n<\/ul>\n<p>&nbsp;<\/p>\n<div id=\"attachment_269725\" style=\"width: 430px\" class=\"wp-caption aligncenter\"><a href=\"http:\/\/www.diarioimagen.net\/?attachment_id=269725\" rel=\"attachment wp-att-269725\"><img loading=\"lazy\" decoding=\"async\" aria-describedby=\"caption-attachment-269725\" class=\"size-large wp-image-269725\" src=\"http:\/\/www.diarioimagen.net\/wp-content\/uploads\/2016\/05\/osorio-2868-420x236.jpg\" alt=\"Miguel \u00c1ngel Osorio Chong, secretario de Gobernaci\u00f3n.\" width=\"420\" height=\"236\" srcset=\"https:\/\/www.diarioimagen.net\/wp-content\/uploads\/2016\/05\/osorio-2868-420x236.jpg 420w, https:\/\/www.diarioimagen.net\/wp-content\/uploads\/2016\/05\/osorio-2868-240x135.jpg 240w, https:\/\/www.diarioimagen.net\/wp-content\/uploads\/2016\/05\/osorio-2868-235x132.jpg 235w, https:\/\/www.diarioimagen.net\/wp-content\/uploads\/2016\/05\/osorio-2868-202x114.jpg 202w, https:\/\/www.diarioimagen.net\/wp-content\/uploads\/2016\/05\/osorio-2868-350x196.jpg 350w, https:\/\/www.diarioimagen.net\/wp-content\/uploads\/2016\/05\/osorio-2868-220x123.jpg 220w, https:\/\/www.diarioimagen.net\/wp-content\/uploads\/2016\/05\/osorio-2868-237x132.jpg 237w, https:\/\/www.diarioimagen.net\/wp-content\/uploads\/2016\/05\/osorio-2868.jpg 480w\" sizes=\"auto, (max-width: 420px) 100vw, 420px\" \/><\/a><p id=\"caption-attachment-269725\" class=\"wp-caption-text\">Miguel \u00c1ngel Osorio Chong, secretario de Gobernaci\u00f3n.<\/p><\/div>\n<p>&nbsp;<\/p>\n<p>El secretario de Gobernaci\u00f3n, Miguel \u00c1ngel Osorio Chong, explic\u00f3 que no recibi\u00f3 a los miembros de la Coordinadora Nacional de Trabajadores de la Educaci\u00f3n (CNTE), porque lo que desean es abrir di\u00e1logo acerca de la reforma educativa, y sobre el tema expres\u00f3: \u201cno hay nada qu\u00e9 tratar a ese respecto\u201d.<\/p>\n<p>Y reiter\u00f3 que sobre la reforma educativa no hay nada qu\u00e9 tratar, porque esa reforma le est\u00e1 ayudando al pa\u00eds, a los j\u00f3venes, a los ni\u00f1os y sobre todo a los maestros y recalc\u00f3 que si el gremio magisterial insiste en dialogar sobre ese tema, no hay nada qu\u00e9 analizar; acerca de las protestas en las calles de los alumnos del Instituto Polit\u00e9cnico Nacional, Osorio Chong asegur\u00f3 que la Secretar\u00eda de Educaci\u00f3n P\u00fablica atiende el tema y \u201cah\u00ed va a seguir su proceso\u201d.<\/p>\n<p style=\"text-align: center;\"><strong>Paro en Oaxaca<\/strong><\/p>\n<p>En Oaxaca, el Instituto de Educaci\u00f3n P\u00fablica de la entidad (IEEPO) inform\u00f3 que el 88 por ciento de las escuelas laboraron de manera normal y s\u00f3lo el 12 por ciento suspendi\u00f3 clases y que ese porcentaje menor son quienes en el Distrito Federal marcharon y piden di\u00e1logo.<\/p>\n<p>El IEEPO inform\u00f3 que son 13 mil 882 planteles los que imparten educaci\u00f3n en Oaxaca y que s\u00f3lo el 12 por ciento de este universo suspendi\u00f3 clases y se aplicar\u00e1n los descuentos correspondientes.<\/p>\n<p>La dependencia se\u00f1al\u00f3 que el pretendido paro carece de fundamento legal, porque no existen causas reales que lo avalen, pues no se han violado ni las condiciones de trabajo ni se han suspendido las percepciones de los maestros.<\/p>\n<p style=\"text-align: center;\"><strong>Guerrero se radicaliza<\/strong><\/p>\n<p>Los miembros de la CNTE en el estado de Guerrero comenzaron desde temprano el paro anunciado, bloqueando por unas horas la carretera M\u00e9xico-Acapulco, y su dirigente, Ramos Reyes Guerrero, inform\u00f3 que s\u00f3lo el 30 por ciento del magisterio permaneci\u00f3 en las escuelas al frente de sus grupos y un 70 por ciento se sum\u00f3 al paro convocado por la CNTE.<\/p>\n<p>Hizo notar que la mayor\u00eda de los paristas son de La Monta\u00f1a y el centro del estado, aunque m\u00e1s tarde se unieron otras organizaciones, entre ellos los transportistas y anunciaron que este paro es por tiempo indefinido, hasta en tanto no se acepte dialogar sobre la reforma educativa.<\/p>\n<p>El movimiento de protesta termin\u00f3 a las 13:20 horas y una parte de los marchistas se congreg\u00f3 en el campamento que se mont\u00f3 en la avenida Ruffo Figueroa, donde se organizar\u00e1 una asamblea estatal, quiz\u00e1 para hoy.<\/p>\n","protected":false},"excerpt":{"rendered":"<p>El secretario de Gobernaci\u00f3n, Miguel \u00c1ngel Osorio Chong, explic\u00f3 que no recibi\u00f3 a los miembros de la Coordinadora Nacional de Trabajadores de la Educaci\u00f3n (CNTE), porque lo que desean es abrir di\u00e1logo acerca de la reforma educativa, y sobre el tema expres\u00f3: \u201cno hay nada qu\u00e9 tratar a ese respecto\u201d. Y reiter\u00f3 que sobre la reforma educativa no hay nada qu\u00e9 tratar, porque esa reforma le est\u00e1 ayudando al pa\u00eds, a los j\u00f3venes, a los ni\u00f1os y sobre todo a los maestros y recalc\u00f3 que si el gremio magisterial insiste en dialogar sobre ese tema, no hay nada qu\u00e9 analizar; acerca de las protestas en las calles de los alumnos del Instituto Polit\u00e9cnico Nacional, Osorio Chong asegur\u00f3 que la Secretar\u00eda de Educaci\u00f3n P\u00fablica atiende el tema y \u201cah\u00ed va a seguir su proceso\u201d.<\/p>\n","protected":false},"author":3,"featured_media":269725,"comment_status":"open","ping_status":"open","sticky":false,"template":"","format":"standard","meta":{"_monsterinsights_skip_tracking":false,"_monsterinsights_sitenote_active":false,"_monsterinsights_sitenote_note":"","_monsterinsights_sitenote_category":0,"footnotes":""},"categories":[3],"tags":[7473,3676,43673],"class_list":["post-269595","post","type-post","status-publish","format-standard","has-post-thumbnail","hentry","category-nacional","tag-cnte","tag-miguel-angel-osorio-chong","tag-nacional"],"_links":{"self":[{"href":"https:\/\/www.diarioimagen.net\/index.php?rest_route=\/wp\/v2\/posts\/269595","targetHints":{"allow":["GET"]}}],"collection":[{"href":"https:\/\/www.diarioimagen.net\/index.php?rest_route=\/wp\/v2\/posts"}],"about":[{"href":"https:\/\/www.diarioimagen.net\/index.php?rest_route=\/wp\/v2\/types\/post"}],"author":[{"embeddable":true,"href":"https:\/\/www.diarioimagen.net\/index.php?rest_route=\/wp\/v2\/users\/3"}],"replies":[{"embeddable":true,"href":"https:\/\/www.diarioimagen.net\/index.php?rest_route=%2Fwp%2Fv2%2Fcomments&post=269595"}],"version-history":[{"count":0,"href":"https:\/\/www.diarioimagen.net\/index.php?rest_route=\/wp\/v2\/posts\/269595\/revisions"}],"wp:featuredmedia":[{"embeddable":true,"href":"https:\/\/www.diarioimagen.net\/index.php?rest_route=\/wp\/v2\/media\/269725"}],"wp:attachment":[{"href":"https:\/\/www.diarioimagen.net\/index.php?rest_route=%2Fwp%2Fv2%2Fmedia&parent=269595"}],"wp:term":[{"taxonomy":"category","embeddable":true,"href":"https:\/\/www.diarioimagen.net\/index.php?rest_route=%2Fwp%2Fv2%2Fcategories&post=269595"},{"taxonomy":"post_tag","embeddable":true,"href":"https:\/\/www.diarioimagen.net\/index.php?rest_route=%2Fwp%2Fv2%2Ftags&post=269595"}],"curies":[{"name":"wp","href":"https:\/\/api.w.org\/{rel}","templated":true}]}}