{"id":269739,"date":"2016-05-17T15:33:35","date_gmt":"2016-05-17T20:33:35","guid":{"rendered":"http:\/\/www.diarioimagen.net\/?p=269739"},"modified":"2016-05-18T02:11:44","modified_gmt":"2016-05-18T07:11:44","slug":"mala-calidad-del-aire-y-alta-radiacion-solar-en-el-valle-de-mexico","status":"publish","type":"post","link":"https:\/\/www.diarioimagen.net\/?p=269739","title":{"rendered":"Mala calidad del aire y alta radiaci\u00f3n solar en el Valle de M\u00e9xico"},"content":{"rendered":"<ul>\n<li><em><strong>Elevada concentraci\u00f3n de ozono en el norte y el sur<\/strong><\/em><\/li>\n<\/ul>\n<p>&nbsp;<\/p>\n<div id=\"attachment_269740\" style=\"width: 430px\" class=\"wp-caption aligncenter\"><a href=\"http:\/\/www.diarioimagen.net\/?attachment_id=269740\" rel=\"attachment wp-att-269740\"><img loading=\"lazy\" decoding=\"async\" aria-describedby=\"caption-attachment-269740\" class=\"size-large wp-image-269740\" src=\"http:\/\/www.diarioimagen.net\/wp-content\/uploads\/2016\/05\/AIRE18-portal-420x236.jpg\" alt=\"Se registran concentraciones elevadas de ozono en las zona norte y sur de la Zona Metropolitana y una intensidad de radiaci\u00f3n solar ultraviolenta extremadamente alta.\" width=\"420\" height=\"236\" srcset=\"https:\/\/www.diarioimagen.net\/wp-content\/uploads\/2016\/05\/AIRE18-portal-420x236.jpg 420w, https:\/\/www.diarioimagen.net\/wp-content\/uploads\/2016\/05\/AIRE18-portal-240x135.jpg 240w, https:\/\/www.diarioimagen.net\/wp-content\/uploads\/2016\/05\/AIRE18-portal-235x132.jpg 235w, https:\/\/www.diarioimagen.net\/wp-content\/uploads\/2016\/05\/AIRE18-portal-202x114.jpg 202w, https:\/\/www.diarioimagen.net\/wp-content\/uploads\/2016\/05\/AIRE18-portal-350x196.jpg 350w, https:\/\/www.diarioimagen.net\/wp-content\/uploads\/2016\/05\/AIRE18-portal-220x123.jpg 220w, https:\/\/www.diarioimagen.net\/wp-content\/uploads\/2016\/05\/AIRE18-portal-237x132.jpg 237w, https:\/\/www.diarioimagen.net\/wp-content\/uploads\/2016\/05\/AIRE18-portal.jpg 480w\" sizes=\"auto, (max-width: 420px) 100vw, 420px\" \/><\/a><p id=\"caption-attachment-269740\" class=\"wp-caption-text\">Se registran concentraciones elevadas de ozono en las zona norte y sur de la Zona Metropolitana y una intensidad de radiaci\u00f3n solar ultraviolenta extremadamente alta.<\/p><\/div>\n<p>&nbsp;<\/p>\n<p>Persiste en la Zona Metropolitana del Valle de M\u00e9xico mala calidad del aire y alta radiaci\u00f3n solar. Se registran esta tarde concentraciones elevadas de ozono en las zona norte y sur e intensidad de radiaci\u00f3n solar ultraviolenta extremadamente alta.<\/p>\n<p>La Secretar\u00eda de Medio Ambiente (Sedema) de la Ciudad de M\u00e9xico indic\u00f3 que en el caso de la concentraci\u00f3n por part\u00edculas (PM10) se ubican en un nivel de regular en la ciudad de M\u00e9xico.<\/p>\n<p>En tanto, en el Estado de M\u00e9xico la calidad de aire es mala en los municipios conurbados ubicados en el noroeste, con valores m\u00e1ximos en la zona industrial de Xalostoc, mientras que en el resto de los municipios est\u00e1s regular.<\/p>\n<p>Para el resto del d\u00eda se espera un d\u00eda caluroso con cielo despejado a medio nublado, aumento gradual de la nubosidad en horas vespertinas, lluvias ligeras aisladas despu\u00e9s de las 18:00 horas, principalmente en la monta\u00f1a y una temperatura m\u00e1xima de 27 grados cent\u00edgrados.<\/p>\n<p>Se observa un sistema de alta presi\u00f3n sobre la regi\u00f3n accidental del pa\u00eds que propaga su efecto hasta las regiones centro y sur.<\/p>\n<p>Con base en esas condiciones en la cuenca de M\u00e9xico se pronostica estabilidad atmosf\u00e9rica, viento d\u00e9bil y limitado transporte de humedad durante la ma\u00f1ana y hasta la media tarde. Esos factores meteorol\u00f3gicos inducir\u00e1n estancamiento moderado de los contaminantes.<\/p>\n","protected":false},"excerpt":{"rendered":"<p>Persiste en la Zona Metropolitana del Valle de M\u00e9xico mala calidad del aire y alta radiaci\u00f3n solar. Se registran esta tarde concentraciones elevadas de ozono en las zona norte y sur e intensidad de radiaci\u00f3n solar ultraviolenta extremadamente alta.<\/p>\n","protected":false},"author":5,"featured_media":269740,"comment_status":"open","ping_status":"open","sticky":false,"template":"","format":"standard","meta":{"_monsterinsights_skip_tracking":false,"_monsterinsights_sitenote_active":false,"_monsterinsights_sitenote_note":"","_monsterinsights_sitenote_category":0,"footnotes":""},"categories":[6],"tags":[8880,34],"class_list":["post-269739","post","type-post","status-publish","format-standard","has-post-thumbnail","hentry","category-cd-de-mexico","tag-aire","tag-valle-de-mexico"],"_links":{"self":[{"href":"https:\/\/www.diarioimagen.net\/index.php?rest_route=\/wp\/v2\/posts\/269739","targetHints":{"allow":["GET"]}}],"collection":[{"href":"https:\/\/www.diarioimagen.net\/index.php?rest_route=\/wp\/v2\/posts"}],"about":[{"href":"https:\/\/www.diarioimagen.net\/index.php?rest_route=\/wp\/v2\/types\/post"}],"author":[{"embeddable":true,"href":"https:\/\/www.diarioimagen.net\/index.php?rest_route=\/wp\/v2\/users\/5"}],"replies":[{"embeddable":true,"href":"https:\/\/www.diarioimagen.net\/index.php?rest_route=%2Fwp%2Fv2%2Fcomments&post=269739"}],"version-history":[{"count":0,"href":"https:\/\/www.diarioimagen.net\/index.php?rest_route=\/wp\/v2\/posts\/269739\/revisions"}],"wp:featuredmedia":[{"embeddable":true,"href":"https:\/\/www.diarioimagen.net\/index.php?rest_route=\/wp\/v2\/media\/269740"}],"wp:attachment":[{"href":"https:\/\/www.diarioimagen.net\/index.php?rest_route=%2Fwp%2Fv2%2Fmedia&parent=269739"}],"wp:term":[{"taxonomy":"category","embeddable":true,"href":"https:\/\/www.diarioimagen.net\/index.php?rest_route=%2Fwp%2Fv2%2Fcategories&post=269739"},{"taxonomy":"post_tag","embeddable":true,"href":"https:\/\/www.diarioimagen.net\/index.php?rest_route=%2Fwp%2Fv2%2Ftags&post=269739"}],"curies":[{"name":"wp","href":"https:\/\/api.w.org\/{rel}","templated":true}]}}