{"id":269762,"date":"2016-05-17T23:55:09","date_gmt":"2016-05-18T04:55:09","guid":{"rendered":"http:\/\/www.diarioimagen.net\/?p=269762"},"modified":"2016-05-18T02:12:45","modified_gmt":"2016-05-18T07:12:45","slug":"apocalyptica-regresara-a-mexico-mas-heavy","status":"publish","type":"post","link":"https:\/\/www.diarioimagen.net\/?p=269762","title":{"rendered":"Apocalyptica regresar\u00e1 a M\u00e9xico m\u00e1s <em>heavy<\/em>"},"content":{"rendered":"<ul>\n<li><em><strong>Ofrecer\u00e1 dos presentaciones: 6 de diciembre en Monterrey y 7 de diciembre en el Coloso de Reforma; la preventa para los dos shows ser\u00e1 el 23 y 24 de mayo<\/strong><\/em><\/li>\n<\/ul>\n<p>&nbsp;<\/p>\n<div id=\"attachment_269763\" style=\"width: 430px\" class=\"wp-caption aligncenter\"><a href=\"http:\/\/www.diarioimagen.net\/?attachment_id=269763\" rel=\"attachment wp-att-269763\"><img loading=\"lazy\" decoding=\"async\" aria-describedby=\"caption-attachment-269763\" class=\"size-large wp-image-269763\" src=\"http:\/\/www.diarioimagen.net\/wp-content\/uploads\/2016\/05\/apocalyptica-pooortal-420x280.jpg\" alt=\"Formada en 1993, la banda se compone por los violonchelistas de formaci\u00f3n cl\u00e1sica: Eicca Toppinen, Paavo L\u00f6tj\u00f6nen, Perttu Kivilaakso, acompa\u00f1ados del baterista Mikko Siren y el reci\u00e9n contratado y vocalista oficial Franky Perez. \" width=\"420\" height=\"280\" srcset=\"https:\/\/www.diarioimagen.net\/wp-content\/uploads\/2016\/05\/apocalyptica-pooortal-420x280.jpg 420w, https:\/\/www.diarioimagen.net\/wp-content\/uploads\/2016\/05\/apocalyptica-pooortal-240x160.jpg 240w, https:\/\/www.diarioimagen.net\/wp-content\/uploads\/2016\/05\/apocalyptica-pooortal.jpg 700w\" sizes=\"auto, (max-width: 420px) 100vw, 420px\" \/><\/a><p id=\"caption-attachment-269763\" class=\"wp-caption-text\">Formada en 1993, la banda se compone por los violonchelistas de formaci\u00f3n cl\u00e1sica:\u00a0Eicca Toppinen, Paavo L\u00f6tj\u00f6nen, Perttu Kivilaakso, acompa\u00f1ados del baterista Mikko Siren y el reci\u00e9n contratado y vocalista oficial Franky Perez.<\/p><\/div>\n<p>&nbsp;<\/p>\n<p>\u201cNo hay nada que nos guste m\u00e1s que estar en la carretera<em>,<\/em> rockeando con todos ustedes &#8211; y hemos pasado un tiempo maravilloso en M\u00e9xico siempre que los visitamos, es por eso que \u00a1hemos decidido volver! Esta vez regresaremos m\u00e1s fuertes y m\u00e1s pesados\u201d, exclam\u00f3 Eicca Toppinen.<\/p>\n<p>El grupo finland\u00e9s de metal Apocalyptica anuncia que ofrecer\u00e1n dos conciertos \u00e9picos en M\u00e9xico. Primero el poder de los chelos tomar\u00e1 el Auditorio Banamex de Monterrey el 6 de diciembre y luego el 7 de diciembre llegar\u00e1n al Auditorio Nacional de la Ciudad de M\u00e9xico como parte de su gira \u201cShadowmaker Tour 2016\u201d. Los boletos para estos conciertos estar\u00e1n disponibles en Preventa Banamex los d\u00edas 23 y 24 de mayo y la venta general comenzar\u00e1 el 25 de mayo a las 11:00 am, a trav\u00e9s del Sistema Ticketmaster en www.ticketmaster.com.mx y por tel\u00e9fono al 53-25-9000.<\/p>\n<p>Formada en 1993, la banda se compone por los violonchelistas de formaci\u00f3n cl\u00e1sica: Eicca Toppinen, Paavo L\u00f6tj\u00f6nen, Perttu Kivilaakso, acompa\u00f1ados del baterista Mikko Siren y el reci\u00e9n contratado y vocalista oficial Franky Perez. Su m\u00fasica toma elementos de una amplia variedad de g\u00e9neros, incluyendo m\u00fasica cl\u00e1sica, metal, folk y el rock progresivo. Han vendido m\u00e1s de 4 millones de discos hasta la fecha.<\/p>\n<p>\u201cMe encanta la voz de Franky\u201d, dijo el chelista y compositor Eicca Toppinen en un comunicado. \u201cNo es un cantante cualquiera, \u00e9l tiene un sonido muy emotivo y es capaz de cantar diferentes estilos, lo cual es perfecto para Apocalyptica, porque nuestras canciones no s\u00f3lo son heavy metal, sino una variedad de gamas, colores y diferentes din\u00e1micas musicales, y el cantante debe coincidir con eso, y creo que Franky es una combinaci\u00f3n perfecta\u201d.<\/p>\n<p>La relaci\u00f3n de Apocalyptica con sus fans mexicanos se remonta mucho tiempo atr\u00e1s, y han estado presentes en diferentes recintos, de la intimidad del Teatro Metrop\u00f3litan a lo masivo del Foro Sol, la banda ha conquistado todos los escenarios en los que se han presentado, pero no hay mejores lugares para que la banda se desempe\u00f1e de la mejor manera posible como el Auditorio Banamex y el Auditorio Nacional.<\/p>\n","protected":false},"excerpt":{"rendered":"<p>C\u201cNo hay nada que nos guste m\u00e1s que estar en la carretera, rockeando con todos ustedes &#8211; y hemos pasado un tiempo maravilloso en M\u00e9xico siempre que los visitamos, es por eso que \u00a1hemos decidido volver! Esta vez regresaremos m\u00e1s fuertes y m\u00e1s pesados\u201d, exclam\u00f3 Eicca Toppinen.<\/p>\n","protected":false},"author":5,"featured_media":269764,"comment_status":"open","ping_status":"open","sticky":false,"template":"","format":"standard","meta":{"_monsterinsights_skip_tracking":false,"_monsterinsights_sitenote_active":false,"_monsterinsights_sitenote_note":"","_monsterinsights_sitenote_category":0,"footnotes":""},"categories":[17,12],"tags":[6725,43682],"class_list":["post-269762","post","type-post","status-publish","format-standard","has-post-thumbnail","hentry","category-especiales","category-espectaculos","tag-coloso-de-reforma","tag-espectaculos"],"_links":{"self":[{"href":"https:\/\/www.diarioimagen.net\/index.php?rest_route=\/wp\/v2\/posts\/269762","targetHints":{"allow":["GET"]}}],"collection":[{"href":"https:\/\/www.diarioimagen.net\/index.php?rest_route=\/wp\/v2\/posts"}],"about":[{"href":"https:\/\/www.diarioimagen.net\/index.php?rest_route=\/wp\/v2\/types\/post"}],"author":[{"embeddable":true,"href":"https:\/\/www.diarioimagen.net\/index.php?rest_route=\/wp\/v2\/users\/5"}],"replies":[{"embeddable":true,"href":"https:\/\/www.diarioimagen.net\/index.php?rest_route=%2Fwp%2Fv2%2Fcomments&post=269762"}],"version-history":[{"count":0,"href":"https:\/\/www.diarioimagen.net\/index.php?rest_route=\/wp\/v2\/posts\/269762\/revisions"}],"wp:featuredmedia":[{"embeddable":true,"href":"https:\/\/www.diarioimagen.net\/index.php?rest_route=\/wp\/v2\/media\/269764"}],"wp:attachment":[{"href":"https:\/\/www.diarioimagen.net\/index.php?rest_route=%2Fwp%2Fv2%2Fmedia&parent=269762"}],"wp:term":[{"taxonomy":"category","embeddable":true,"href":"https:\/\/www.diarioimagen.net\/index.php?rest_route=%2Fwp%2Fv2%2Fcategories&post=269762"},{"taxonomy":"post_tag","embeddable":true,"href":"https:\/\/www.diarioimagen.net\/index.php?rest_route=%2Fwp%2Fv2%2Ftags&post=269762"}],"curies":[{"name":"wp","href":"https:\/\/api.w.org\/{rel}","templated":true}]}}