{"id":269788,"date":"2016-05-18T00:05:17","date_gmt":"2016-05-18T05:05:17","guid":{"rendered":"http:\/\/www.diarioimagen.net\/?p=269788"},"modified":"2016-05-18T23:07:57","modified_gmt":"2016-05-19T04:07:57","slug":"mancera-ofrece-300-plazas-para-discapacitados","status":"publish","type":"post","link":"https:\/\/www.diarioimagen.net\/?p=269788","title":{"rendered":"Mancera ofrece 300 plazas para discapacitados"},"content":{"rendered":"<ul>\n<li><strong><em>Fortalecen ingreso familiar<\/em><\/strong><\/li>\n<\/ul>\n<p>&nbsp;<\/p>\n<div id=\"attachment_269894\" style=\"width: 430px\" class=\"wp-caption aligncenter\"><a href=\"http:\/\/www.diarioimagen.net\/?attachment_id=269894\" rel=\"attachment wp-att-269894\"><img loading=\"lazy\" decoding=\"async\" aria-describedby=\"caption-attachment-269894\" class=\"size-large wp-image-269894\" src=\"http:\/\/www.diarioimagen.net\/wp-content\/uploads\/2016\/05\/MANCERA-2869-420x236.jpg\" alt=\"Miguel \u00c1ngel Mancera encabez\u00f3 en Iztapalapa una jornada de la Acci\u00f3n Estrat\u00e9gica para el Fortalecimiento del Ingreso Familiar.\" width=\"420\" height=\"236\" srcset=\"https:\/\/www.diarioimagen.net\/wp-content\/uploads\/2016\/05\/MANCERA-2869-420x236.jpg 420w, https:\/\/www.diarioimagen.net\/wp-content\/uploads\/2016\/05\/MANCERA-2869-240x135.jpg 240w, https:\/\/www.diarioimagen.net\/wp-content\/uploads\/2016\/05\/MANCERA-2869-480x270.jpg 480w, https:\/\/www.diarioimagen.net\/wp-content\/uploads\/2016\/05\/MANCERA-2869-235x132.jpg 235w, https:\/\/www.diarioimagen.net\/wp-content\/uploads\/2016\/05\/MANCERA-2869-202x114.jpg 202w, https:\/\/www.diarioimagen.net\/wp-content\/uploads\/2016\/05\/MANCERA-2869-350x196.jpg 350w, https:\/\/www.diarioimagen.net\/wp-content\/uploads\/2016\/05\/MANCERA-2869-220x123.jpg 220w, https:\/\/www.diarioimagen.net\/wp-content\/uploads\/2016\/05\/MANCERA-2869-237x132.jpg 237w, https:\/\/www.diarioimagen.net\/wp-content\/uploads\/2016\/05\/MANCERA-2869.jpg 665w\" sizes=\"auto, (max-width: 420px) 100vw, 420px\" \/><\/a><p id=\"caption-attachment-269894\" class=\"wp-caption-text\">Miguel \u00c1ngel Mancera encabez\u00f3 en Iztapalapa una jornada de la Acci\u00f3n Estrat\u00e9gica para el Fortalecimiento del Ingreso Familiar.<\/p><\/div>\n<p>&nbsp;<\/p>\n<p>El jefe de gobierno capitalino, Miguel \u00c1ngel Mancera Espinosa, anunci\u00f3 que en septiembre se abrir\u00e1n 300 plazas laborales en su administraci\u00f3n para personas con alguna discapacidad, una vez que concluya la capacitaci\u00f3n en diversas habilidades.<\/p>\n<p>Tambi\u00e9n anunci\u00f3 la construcci\u00f3n de las oficinas del Instituto para la Integraci\u00f3n al Desarrollo de las Personas con Discapacidad del Distrito Federal (Indepedi), para lo cual ya se cuenta con el terreno.<\/p>\n<p>Mancera encabez\u00f3 en Iztapalapa una jornada de la Acci\u00f3n Estrat\u00e9gica para el Fortalecimiento del Ingreso Familiar a trav\u00e9s de la Capacitaci\u00f3n, en apoyo a este grupo de la poblaci\u00f3n para desarrollar sus habilidades y facilitar su integraci\u00f3n a los procesos econ\u00f3micos de la capital.<\/p>\n<p>En el acto, destac\u00f3 el respaldo que se brindar\u00e1 a las 500 mil personas que tienen alguna discapacidad en la Ciudad de M\u00e9xico; \u201cse van a capacitar, porque nosotros vamos a apoyar tambi\u00e9n la econom\u00eda de sus casas\u201d.<\/p>\n<p>\u201cEl objetivo es que no te detenga la silla de ruedas, un bast\u00f3n, unas muletas, nada; porque t\u00fa puedes hacerlo, aqu\u00ed est\u00e1 demostrado, con toda esta fuerza\u201d, sostuvo el mandatario capitalino.<\/p>\n<p>Adem\u00e1s, explic\u00f3 que los cursos tendr\u00e1n una duraci\u00f3n de cuatro meses y al finalizar, con un apoyo de 4 mil pesos, en septiembre se abrir\u00e1n 300 plazas en el gobierno de la Ciudad de M\u00e9xico para ese sector de la poblaci\u00f3n.<\/p>\n<p>&nbsp;<\/p>\n","protected":false},"excerpt":{"rendered":"<p>El jefe de gobierno capitalino, Miguel \u00c1ngel Mancera Espinosa, anunci\u00f3 que en septiembre se abrir\u00e1n 300 plazas laborales en su administraci\u00f3n para personas con alguna discapacidad, una vez que concluya la capacitaci\u00f3n en diversas habilidades.<\/p>\n","protected":false},"author":3,"featured_media":269894,"comment_status":"open","ping_status":"open","sticky":false,"template":"","format":"standard","meta":{"_monsterinsights_skip_tracking":false,"_monsterinsights_sitenote_active":false,"_monsterinsights_sitenote_note":"","_monsterinsights_sitenote_category":0,"footnotes":""},"categories":[6],"tags":[204,27244,5314],"class_list":["post-269788","post","type-post","status-publish","format-standard","has-post-thumbnail","hentry","category-cd-de-mexico","tag-ciudad-de-mexico","tag-discapacitados","tag-miguel-angel-mancera-espinosa"],"_links":{"self":[{"href":"https:\/\/www.diarioimagen.net\/index.php?rest_route=\/wp\/v2\/posts\/269788","targetHints":{"allow":["GET"]}}],"collection":[{"href":"https:\/\/www.diarioimagen.net\/index.php?rest_route=\/wp\/v2\/posts"}],"about":[{"href":"https:\/\/www.diarioimagen.net\/index.php?rest_route=\/wp\/v2\/types\/post"}],"author":[{"embeddable":true,"href":"https:\/\/www.diarioimagen.net\/index.php?rest_route=\/wp\/v2\/users\/3"}],"replies":[{"embeddable":true,"href":"https:\/\/www.diarioimagen.net\/index.php?rest_route=%2Fwp%2Fv2%2Fcomments&post=269788"}],"version-history":[{"count":0,"href":"https:\/\/www.diarioimagen.net\/index.php?rest_route=\/wp\/v2\/posts\/269788\/revisions"}],"wp:featuredmedia":[{"embeddable":true,"href":"https:\/\/www.diarioimagen.net\/index.php?rest_route=\/wp\/v2\/media\/269894"}],"wp:attachment":[{"href":"https:\/\/www.diarioimagen.net\/index.php?rest_route=%2Fwp%2Fv2%2Fmedia&parent=269788"}],"wp:term":[{"taxonomy":"category","embeddable":true,"href":"https:\/\/www.diarioimagen.net\/index.php?rest_route=%2Fwp%2Fv2%2Fcategories&post=269788"},{"taxonomy":"post_tag","embeddable":true,"href":"https:\/\/www.diarioimagen.net\/index.php?rest_route=%2Fwp%2Fv2%2Ftags&post=269788"}],"curies":[{"name":"wp","href":"https:\/\/api.w.org\/{rel}","templated":true}]}}