{"id":270019,"date":"2016-05-19T00:09:44","date_gmt":"2016-05-19T05:09:44","guid":{"rendered":"http:\/\/www.diarioimagen.net\/?p=270019"},"modified":"2016-05-19T02:26:33","modified_gmt":"2016-05-19T07:26:33","slug":"detienen-31-unidades-irregulares-de-transporte","status":"publish","type":"post","link":"https:\/\/www.diarioimagen.net\/?p=270019","title":{"rendered":"Detienen 31 unidades irregulares de transporte"},"content":{"rendered":"<h2>Arco Norte<\/h2>\n<h5>Jos\u00e9 Luis Monta\u00f1ez Aguilar<\/h5>\n<p>&nbsp;<\/p>\n<p><a href=\"http:\/\/www.diarioimagen.net\/?attachment_id=270103\" rel=\"attachment wp-att-270103\"><img loading=\"lazy\" decoding=\"async\" class=\"aligncenter size-large wp-image-270103\" src=\"http:\/\/www.diarioimagen.net\/wp-content\/uploads\/2016\/05\/arco-2870-420x236.jpg\" alt=\"arco-2870\" width=\"420\" height=\"236\" srcset=\"https:\/\/www.diarioimagen.net\/wp-content\/uploads\/2016\/05\/arco-2870-420x236.jpg 420w, https:\/\/www.diarioimagen.net\/wp-content\/uploads\/2016\/05\/arco-2870-240x135.jpg 240w, https:\/\/www.diarioimagen.net\/wp-content\/uploads\/2016\/05\/arco-2870-235x132.jpg 235w, https:\/\/www.diarioimagen.net\/wp-content\/uploads\/2016\/05\/arco-2870-202x114.jpg 202w, https:\/\/www.diarioimagen.net\/wp-content\/uploads\/2016\/05\/arco-2870-350x196.jpg 350w, https:\/\/www.diarioimagen.net\/wp-content\/uploads\/2016\/05\/arco-2870-220x123.jpg 220w, https:\/\/www.diarioimagen.net\/wp-content\/uploads\/2016\/05\/arco-2870-237x132.jpg 237w, https:\/\/www.diarioimagen.net\/wp-content\/uploads\/2016\/05\/arco-2870.jpg 480w\" sizes=\"auto, (max-width: 420px) 100vw, 420px\" \/><\/a><\/p>\n<p>&nbsp;<\/p>\n<p>En una hora y como parte del operativo Plan TRES, Transporte Estatal Seguro, la Secretar\u00eda de Movilidad del Estado de M\u00e9xico detuvo y remiti\u00f3 al corral\u00f3n a 31 veh\u00edculos irregulares que prestaban servicio de transporte p\u00fablico, ya que carec\u00edan de concesi\u00f3n. Jorge Arredondo Guill\u00e9n, subsecretario de Movilidad, encabez\u00f3 la supervisi\u00f3n del operativo de vigilancia, realizada por funcionarios de esta dependencia y la Secretar\u00eda de Infraestructura, acompa\u00f1ando a los elementos de la Comisi\u00f3n Estatal de Seguridad, que realizan diario y en puntos aleatorios la revisi\u00f3n de transporte de pasajeros.<\/p>\n<p>Ah\u00ed, el funcionario confirm\u00f3 que de abril a la fecha, se ha logrado la dentenci\u00f3n de 214 personas, quienes fueron puestas a disposici\u00f3n del MP tras haber sido detectadas en posesi\u00f3n de armas o en flagrancia, mientras intentaban robar a pasajeros. Desde las 05:00 horas, los elementos de la Comisi\u00f3n Estatal de Seguridad colocaron el operativo de revisi\u00f3n en la V\u00eda Morelos, casi en la intersecci\u00f3n con la Autopista M\u00e9xico-Pachuca, revisando alrededor de 100 veh\u00edculos junto con el personal de la Secretar\u00eda de Movilidad.<\/p>\n<p>Las unidades retenidas fueron remitidas al corral\u00f3n, y a la fecha, explic\u00f3 Arredondo Guill\u00e9n, suman 2 mil 155 las que han sido retiradas de la circulaci\u00f3n por prestar servicio de transporte p\u00fablico sin tener concesi\u00f3n y a bordo de unidades fuera de norma. La Comisi\u00f3n Estatal de Seguridad inform\u00f3 que del 1 de abril a la fecha, como parte del Plan TRES se han realizado 19 mil 768 operativos en todo el territorio mexiquense, con un total de 178 mil 365 veh\u00edculos y 2 millones 277 mil 104 pasajeros revisados.<\/p>\n<p><em><a href=\"mailto:montanezaguilar@gmail.com\" target=\"_blank\">montanezaguilar@gmail.com<\/a><\/em><\/p>\n<p>&nbsp;<\/p>\n","protected":false},"excerpt":{"rendered":"<p><span style=\"color: #005497;\">Jos\u00e9 Luis Monta\u00f1ez Aguilar<\/span><br \/>\n<br \/>\nEn una hora y como parte del operativo Plan TRES, Transporte Estatal Seguro, la Secretar\u00eda de Movilidad del Estado de M\u00e9xico detuvo y remiti\u00f3 al corral\u00f3n a 31 veh\u00edculos irregulares que prestaban servicio de transporte p\u00fablico, ya que carec\u00edan de concesi\u00f3n. Jorge Arredondo Guill\u00e9n, subsecretario de Movilidad, encabez\u00f3 la supervisi\u00f3n del operativo de vigilancia, realizada por funcionarios de esta dependencia y la Secretar\u00eda de Infraestructura, acompa\u00f1ando a los elementos de la Comisi\u00f3n Estatal de Seguridad, que realizan diario y en puntos aleatorios la revisi\u00f3n de transporte de pasajeros.<\/p>\n","protected":false},"author":3,"featured_media":270103,"comment_status":"open","ping_status":"open","sticky":false,"template":"","format":"standard","meta":{"_monsterinsights_skip_tracking":false,"_monsterinsights_sitenote_active":false,"_monsterinsights_sitenote_note":"","_monsterinsights_sitenote_category":0,"footnotes":""},"categories":[5],"tags":[13284,43704,43674],"class_list":["post-270019","post","type-post","status-publish","format-standard","has-post-thumbnail","hentry","category-estado-de-mexico","tag-arco-norte","tag-jose-luis-montanez-aguilar","tag-opinion"],"_links":{"self":[{"href":"https:\/\/www.diarioimagen.net\/index.php?rest_route=\/wp\/v2\/posts\/270019","targetHints":{"allow":["GET"]}}],"collection":[{"href":"https:\/\/www.diarioimagen.net\/index.php?rest_route=\/wp\/v2\/posts"}],"about":[{"href":"https:\/\/www.diarioimagen.net\/index.php?rest_route=\/wp\/v2\/types\/post"}],"author":[{"embeddable":true,"href":"https:\/\/www.diarioimagen.net\/index.php?rest_route=\/wp\/v2\/users\/3"}],"replies":[{"embeddable":true,"href":"https:\/\/www.diarioimagen.net\/index.php?rest_route=%2Fwp%2Fv2%2Fcomments&post=270019"}],"version-history":[{"count":0,"href":"https:\/\/www.diarioimagen.net\/index.php?rest_route=\/wp\/v2\/posts\/270019\/revisions"}],"wp:featuredmedia":[{"embeddable":true,"href":"https:\/\/www.diarioimagen.net\/index.php?rest_route=\/wp\/v2\/media\/270103"}],"wp:attachment":[{"href":"https:\/\/www.diarioimagen.net\/index.php?rest_route=%2Fwp%2Fv2%2Fmedia&parent=270019"}],"wp:term":[{"taxonomy":"category","embeddable":true,"href":"https:\/\/www.diarioimagen.net\/index.php?rest_route=%2Fwp%2Fv2%2Fcategories&post=270019"},{"taxonomy":"post_tag","embeddable":true,"href":"https:\/\/www.diarioimagen.net\/index.php?rest_route=%2Fwp%2Fv2%2Ftags&post=270019"}],"curies":[{"name":"wp","href":"https:\/\/api.w.org\/{rel}","templated":true}]}}