{"id":270056,"date":"2016-05-19T00:02:16","date_gmt":"2016-05-19T05:02:16","guid":{"rendered":"http:\/\/www.diarioimagen.net\/?p=270056"},"modified":"2016-05-20T01:40:59","modified_gmt":"2016-05-20T06:40:59","slug":"concluye-retiro-de-topes-en-avenidas","status":"publish","type":"post","link":"https:\/\/www.diarioimagen.net\/?p=270056","title":{"rendered":"Concluye retiro de topes en avenidas"},"content":{"rendered":"<ul>\n<li><strong><em>Reductores<\/em><\/strong><\/li>\n<\/ul>\n<p>&nbsp;<\/p>\n<p><a href=\"http:\/\/www.diarioimagen.net\/?attachment_id=270148\" rel=\"attachment wp-att-270148\"><img loading=\"lazy\" decoding=\"async\" class=\"aligncenter size-large wp-image-270148\" src=\"http:\/\/www.diarioimagen.net\/wp-content\/uploads\/2016\/05\/cdmx-2870-420x236.jpg\" alt=\"cdmx-2870\" width=\"420\" height=\"236\" srcset=\"https:\/\/www.diarioimagen.net\/wp-content\/uploads\/2016\/05\/cdmx-2870-420x236.jpg 420w, https:\/\/www.diarioimagen.net\/wp-content\/uploads\/2016\/05\/cdmx-2870-240x135.jpg 240w, https:\/\/www.diarioimagen.net\/wp-content\/uploads\/2016\/05\/cdmx-2870-235x132.jpg 235w, https:\/\/www.diarioimagen.net\/wp-content\/uploads\/2016\/05\/cdmx-2870-202x114.jpg 202w, https:\/\/www.diarioimagen.net\/wp-content\/uploads\/2016\/05\/cdmx-2870-350x196.jpg 350w, https:\/\/www.diarioimagen.net\/wp-content\/uploads\/2016\/05\/cdmx-2870-220x123.jpg 220w, https:\/\/www.diarioimagen.net\/wp-content\/uploads\/2016\/05\/cdmx-2870-237x132.jpg 237w, https:\/\/www.diarioimagen.net\/wp-content\/uploads\/2016\/05\/cdmx-2870.jpg 480w\" sizes=\"auto, (max-width: 420px) 100vw, 420px\" \/><\/a><\/p>\n<p>&nbsp;<\/p>\n<p>Como parte de las acciones para disminuir la contaminaci\u00f3n y ante los efectos negativos ambientales que provoca enfrenar para pasar un tope, el secretario de Obras y servicios del gobierno capitalino, Edgar Tung\u00fc\u00ed, inform\u00f3 que ya fueron retirados todos los bordes se\u00f1alados en v\u00edas primarias.<\/p>\n<p>Agreg\u00f3 que \u201clos 183 topes que se ten\u00edan que retirar, ya los retiramos, ya no existen y de los 206 restantes estamos esperando las especificaciones del reductor que se va a poner\u201d.<\/p>\n<p>En conferencia de prensa, detall\u00f3 que \u201cdespu\u00e9s del estudio que hizo la Secretar\u00eda de Seguridad P\u00fablica junto con Semovi, se hablaba de 389 topes en vialidad primaria, de los cuales 183 eran susceptibles de retiro total y los 206 de sustituci\u00f3n por alg\u00fan otro tipo de elemento reductor de velocidad.<\/p>\n<p>De esta forma, se\u00f1al\u00f3 que para la sustituci\u00f3n de reductores de velocidad, est\u00e1n a la espera de que la Secretar\u00eda de Movilidad (Semovi) d\u00e9 a conocer las especificaciones que se requieren, para lanzar la licitaci\u00f3n e iniciar con su colocaci\u00f3n.<\/p>\n<p>El gobierno capitalino determin\u00f3 que en 288 puntos ser\u00e1n reemplazados por reductores de velocidad, conocidos como revos.<\/p>\n<p>Para ello, la Secretar\u00eda de Movilidad dise\u00f1\u00f3 tres tipos de revos, que se colocar\u00e1n dependiendo el tipo de vialidad.<\/p>\n<p>La medida se adopt\u00f3 luego de que la Secretar\u00eda de Ciencia de la Ciudad documentara que, cada vez que un veh\u00edculo frena para cruzar un tope, debe volver a acelerar, lo que aumenta las emisiones contaminantes hasta nueve veces.<\/p>\n<p>Laura Ballesteros, subsecretaria de Planeaci\u00f3n de la Secretar\u00eda de Movilidad, explic\u00f3 que los tipos de revos son el trapezoidal, con paso peatonal en la base superior; el sinusoidal, con superficie convexa en v\u00edas con velocidad permitida de hasta 50 kil\u00f3metros por hora, y el vado, con superficie c\u00f3ncava para v\u00edas con pendientes pronunciadas.<\/p>\n<p>En la Avenida Tamaulipas, en Santa Fe, se instal\u00f3 el primer revo trapezoidal.<\/p>\n<p>\u201cEst\u00e1 hecho espec\u00edficamente para los pasos peatonales, que nos permite que el veh\u00edculo mantenga la velocidad que la v\u00eda le est\u00e1 mandatando y que tambi\u00e9n el peat\u00f3n pueda cruzar\u201d, se\u00f1al\u00f3 Ballesteros.<\/p>\n<p>Poner cada reductor, estim\u00f3, costar\u00e1 entre 25 y 30 mil pesos, incluyendo la se\u00f1alizaci\u00f3n de la zona intervenida.<\/p>\n<p>\u201cEn todo el mundo se usan este tipo de t\u00e9cnicas y lo que nos hac\u00eda falta era una buena especificaci\u00f3n\u201d, asegur\u00f3 Jes\u00fas S\u00e1nchez Romero, de la Direcci\u00f3n de Estudios de Movilidad de la Semovi y quien estuvo a cargo del proyecto.<\/p>\n<p>&nbsp;<\/p>\n","protected":false},"excerpt":{"rendered":"<p>Como parte de las acciones para disminuir la contaminaci\u00f3n y ante los efectos negativos ambientales que provoca enfrenar para pasar un tope, el secretario de Obras y servicios del gobierno capitalino, Edgar Tung\u00fc\u00ed, inform\u00f3 que ya fueron retirados todos los bordes se\u00f1alados en v\u00edas primarias.<\/p>\n","protected":false},"author":3,"featured_media":270148,"comment_status":"open","ping_status":"open","sticky":false,"template":"","format":"standard","meta":{"_monsterinsights_skip_tracking":false,"_monsterinsights_sitenote_active":false,"_monsterinsights_sitenote_note":"","_monsterinsights_sitenote_category":0,"footnotes":""},"categories":[6],"tags":[204],"class_list":["post-270056","post","type-post","status-publish","format-standard","has-post-thumbnail","hentry","category-cd-de-mexico","tag-ciudad-de-mexico"],"_links":{"self":[{"href":"https:\/\/www.diarioimagen.net\/index.php?rest_route=\/wp\/v2\/posts\/270056","targetHints":{"allow":["GET"]}}],"collection":[{"href":"https:\/\/www.diarioimagen.net\/index.php?rest_route=\/wp\/v2\/posts"}],"about":[{"href":"https:\/\/www.diarioimagen.net\/index.php?rest_route=\/wp\/v2\/types\/post"}],"author":[{"embeddable":true,"href":"https:\/\/www.diarioimagen.net\/index.php?rest_route=\/wp\/v2\/users\/3"}],"replies":[{"embeddable":true,"href":"https:\/\/www.diarioimagen.net\/index.php?rest_route=%2Fwp%2Fv2%2Fcomments&post=270056"}],"version-history":[{"count":0,"href":"https:\/\/www.diarioimagen.net\/index.php?rest_route=\/wp\/v2\/posts\/270056\/revisions"}],"wp:featuredmedia":[{"embeddable":true,"href":"https:\/\/www.diarioimagen.net\/index.php?rest_route=\/wp\/v2\/media\/270148"}],"wp:attachment":[{"href":"https:\/\/www.diarioimagen.net\/index.php?rest_route=%2Fwp%2Fv2%2Fmedia&parent=270056"}],"wp:term":[{"taxonomy":"category","embeddable":true,"href":"https:\/\/www.diarioimagen.net\/index.php?rest_route=%2Fwp%2Fv2%2Fcategories&post=270056"},{"taxonomy":"post_tag","embeddable":true,"href":"https:\/\/www.diarioimagen.net\/index.php?rest_route=%2Fwp%2Fv2%2Ftags&post=270056"}],"curies":[{"name":"wp","href":"https:\/\/api.w.org\/{rel}","templated":true}]}}