{"id":270058,"date":"2016-05-19T00:08:47","date_gmt":"2016-05-19T05:08:47","guid":{"rendered":"http:\/\/www.diarioimagen.net\/?p=270058"},"modified":"2016-05-19T03:34:14","modified_gmt":"2016-05-19T08:34:14","slug":"realiza-uaem-festival-de-lenguas-contra-la-homofobia","status":"publish","type":"post","link":"https:\/\/www.diarioimagen.net\/?p=270058","title":{"rendered":"Realiza UAEM Festival de Lenguas Contra la Homofobia"},"content":{"rendered":"<p><a href=\"http:\/\/www.diarioimagen.net\/?attachment_id=270143\" rel=\"attachment wp-att-270143\"><img loading=\"lazy\" decoding=\"async\" class=\"aligncenter size-large wp-image-270143\" src=\"http:\/\/www.diarioimagen.net\/wp-content\/uploads\/2016\/05\/UAEM-2870-420x236.jpg\" alt=\"UAEM-2870\" width=\"420\" height=\"236\" srcset=\"https:\/\/www.diarioimagen.net\/wp-content\/uploads\/2016\/05\/UAEM-2870-420x236.jpg 420w, https:\/\/www.diarioimagen.net\/wp-content\/uploads\/2016\/05\/UAEM-2870-240x135.jpg 240w, https:\/\/www.diarioimagen.net\/wp-content\/uploads\/2016\/05\/UAEM-2870-235x132.jpg 235w, https:\/\/www.diarioimagen.net\/wp-content\/uploads\/2016\/05\/UAEM-2870-202x114.jpg 202w, https:\/\/www.diarioimagen.net\/wp-content\/uploads\/2016\/05\/UAEM-2870-350x196.jpg 350w, https:\/\/www.diarioimagen.net\/wp-content\/uploads\/2016\/05\/UAEM-2870-220x123.jpg 220w, https:\/\/www.diarioimagen.net\/wp-content\/uploads\/2016\/05\/UAEM-2870-237x132.jpg 237w, https:\/\/www.diarioimagen.net\/wp-content\/uploads\/2016\/05\/UAEM-2870.jpg 480w\" sizes=\"auto, (max-width: 420px) 100vw, 420px\" \/><\/a><\/p>\n<p>&nbsp;<\/p>\n<p>Por cuarto a\u00f1o consecutivo, la Facultad de Lenguas de la UAEM lleva a cabo el Festival de Lenguas Contra la Homofobia, que hasta el pr\u00f3ximo lunes 23 de mayo se desarrolla en diversos foros de la instituci\u00f3n educativa y la ciudad de Toluca, como la Alianza Francesa de Toluca y el Instituto Tecnol\u00f3gico de Toluca.<\/p>\n<p>Al inaugurar los trabajos del ejercicio acad\u00e9mico, el director del organismo universitario, V\u00edctor Alonso Galeana Estrada, expres\u00f3 que este encuentro permitir\u00e1 contemplar posturas al respecto desde el \u00e1mbito acad\u00e9mico.<\/p>\n","protected":false},"excerpt":{"rendered":"<p>Por cuarto a\u00f1o consecutivo, la Facultad de Lenguas de la UAEM lleva a cabo el Festival de Lenguas Contra la Homofobia, que hasta el pr\u00f3ximo lunes 23 de mayo se desarrolla en diversos foros de la instituci\u00f3n educativa y la ciudad de Toluca, como la Alianza Francesa de Toluca y el Instituto Tecnol\u00f3gico de Toluca.<\/p>\n","protected":false},"author":3,"featured_media":270143,"comment_status":"open","ping_status":"open","sticky":false,"template":"","format":"standard","meta":{"_monsterinsights_skip_tracking":false,"_monsterinsights_sitenote_active":false,"_monsterinsights_sitenote_note":"","_monsterinsights_sitenote_category":0,"footnotes":""},"categories":[35155],"tags":[43675,51000,1491],"class_list":["post-270058","post","type-post","status-publish","format-standard","has-post-thumbnail","hentry","category-estado-de-mexico-estado-de-mexico","tag-estado-de-mexico","tag-homofobia","tag-uaem"],"_links":{"self":[{"href":"https:\/\/www.diarioimagen.net\/index.php?rest_route=\/wp\/v2\/posts\/270058","targetHints":{"allow":["GET"]}}],"collection":[{"href":"https:\/\/www.diarioimagen.net\/index.php?rest_route=\/wp\/v2\/posts"}],"about":[{"href":"https:\/\/www.diarioimagen.net\/index.php?rest_route=\/wp\/v2\/types\/post"}],"author":[{"embeddable":true,"href":"https:\/\/www.diarioimagen.net\/index.php?rest_route=\/wp\/v2\/users\/3"}],"replies":[{"embeddable":true,"href":"https:\/\/www.diarioimagen.net\/index.php?rest_route=%2Fwp%2Fv2%2Fcomments&post=270058"}],"version-history":[{"count":0,"href":"https:\/\/www.diarioimagen.net\/index.php?rest_route=\/wp\/v2\/posts\/270058\/revisions"}],"wp:featuredmedia":[{"embeddable":true,"href":"https:\/\/www.diarioimagen.net\/index.php?rest_route=\/wp\/v2\/media\/270143"}],"wp:attachment":[{"href":"https:\/\/www.diarioimagen.net\/index.php?rest_route=%2Fwp%2Fv2%2Fmedia&parent=270058"}],"wp:term":[{"taxonomy":"category","embeddable":true,"href":"https:\/\/www.diarioimagen.net\/index.php?rest_route=%2Fwp%2Fv2%2Fcategories&post=270058"},{"taxonomy":"post_tag","embeddable":true,"href":"https:\/\/www.diarioimagen.net\/index.php?rest_route=%2Fwp%2Fv2%2Ftags&post=270058"}],"curies":[{"name":"wp","href":"https:\/\/api.w.org\/{rel}","templated":true}]}}