{"id":270260,"date":"2016-05-20T00:08:16","date_gmt":"2016-05-20T05:08:16","guid":{"rendered":"http:\/\/www.diarioimagen.net\/?p=270260"},"modified":"2016-05-22T21:48:56","modified_gmt":"2016-05-23T02:48:56","slug":"urge-una-justicia-agil-y-sencilla-elias-azar","status":"publish","type":"post","link":"https:\/\/www.diarioimagen.net\/?p=270260","title":{"rendered":"Urge una justicia \u00e1gil y sencilla: El\u00edas Azar"},"content":{"rendered":"<ul>\n<li><strong><em>Reuni\u00f3n Nacional de Juzgadores<\/em><\/strong><\/li>\n<\/ul>\n<h6>Jos\u00e9 Luis Monta\u00f1ez<\/h6>\n<p>&nbsp;<\/p>\n<div id=\"attachment_270307\" style=\"width: 430px\" class=\"wp-caption aligncenter\"><a href=\"http:\/\/www.diarioimagen.net\/?attachment_id=270307\" rel=\"attachment wp-att-270307\"><img loading=\"lazy\" decoding=\"async\" aria-describedby=\"caption-attachment-270307\" class=\"size-large wp-image-270307\" src=\"http:\/\/www.diarioimagen.net\/wp-content\/uploads\/2016\/05\/elias-azar-2871-420x236.jpg\" alt=\"El\u00a0magistrado presidente, Edgar El\u00edas Azar, acompa\u00f1ado por el subprocurador de Derechos Humanos de la PGR, Eber Betanzos Torres, resalt\u00f3 la importancia de contar con una justicia sencilla.\" width=\"420\" height=\"236\" srcset=\"https:\/\/www.diarioimagen.net\/wp-content\/uploads\/2016\/05\/elias-azar-2871-420x236.jpg 420w, https:\/\/www.diarioimagen.net\/wp-content\/uploads\/2016\/05\/elias-azar-2871-240x135.jpg 240w, https:\/\/www.diarioimagen.net\/wp-content\/uploads\/2016\/05\/elias-azar-2871-235x132.jpg 235w, https:\/\/www.diarioimagen.net\/wp-content\/uploads\/2016\/05\/elias-azar-2871-202x114.jpg 202w, https:\/\/www.diarioimagen.net\/wp-content\/uploads\/2016\/05\/elias-azar-2871-350x196.jpg 350w, https:\/\/www.diarioimagen.net\/wp-content\/uploads\/2016\/05\/elias-azar-2871-220x123.jpg 220w, https:\/\/www.diarioimagen.net\/wp-content\/uploads\/2016\/05\/elias-azar-2871-237x132.jpg 237w, https:\/\/www.diarioimagen.net\/wp-content\/uploads\/2016\/05\/elias-azar-2871.jpg 444w\" sizes=\"auto, (max-width: 420px) 100vw, 420px\" \/><\/a><p id=\"caption-attachment-270307\" class=\"wp-caption-text\">El\u00a0magistrado presidente, Edgar El\u00edas Azar, acompa\u00f1ado por el subprocurador de Derechos Humanos de la PGR, Eber Betanzos Torres, resalt\u00f3 la importancia de contar con una justicia sencilla.<\/p><\/div>\n<p>&nbsp;<\/p>\n<p>El presidente de la Comisi\u00f3n Nacional de Tribunales Superiores de Justicia de los Estados Unidos Mexicanos (Conatrib), magistrado Edgar El\u00edas Azar, subray\u00f3 el nivel alcanzado de relaciones institucionales, respetuosas y productivas entre los poderes judiciales locales y los poderes Ejecutivo y Legislativo, y plante\u00f3 que esto se debe traducir en una realidad m\u00e1s \u00e1gil, expedita y comprensible en la justicia de los ciudadanos.<\/p>\n<p>Al inaugurar la Reuni\u00f3n Nacional de Juzgadores, destac\u00f3 que los conocimientos intercambiados en este tipo de encuentros deben traducirse para la sociedad en que sus vidas, bienes, rentas y familias est\u00e1n protegidas por una ley que hace justicia cuando tocan a la puerta de los tribunales.<\/p>\n<p>En la Sala de Presidentes Mar\u00eda Lavalle Urbina, acompa\u00f1ado por el subprocurador de Derechos Humanos de la Procuradur\u00eda General de la Rep\u00fablica, Eber Betanzos Torres, El\u00edas Azar resalt\u00f3 la importancia de contar con una justicia sencilla, que resuelva de la mejor manera posible los agobios de los ciudadanos.<\/p>\n<p>Reconoci\u00f3 que los nuevos tiempos de la justicia reclaman mayores capacidades de los jueces y mejores l\u00edneas pr\u00e1cticas para resolver el conflicto social en la justicia cotidiana.<\/p>\n<p>Con la presencia de representantes de las secretar\u00edas de Gobernaci\u00f3n, Econom\u00eda (SE), Relaciones Exteriores, de la Consejer\u00eda Jur\u00eddica de la Presidencia de la Rep\u00fablica, del Sistema Nacional para el Desarrollo Integral para la Familia (DIF), de titulares de poderes judiciales de los estados y de unos 400 jueces de todo el pa\u00eds, el magistrado record\u00f3 que si la \u00fanica constante es el cambio, los paradigmas est\u00e1n sujetos permanentemente a revisi\u00f3n.<\/p>\n<p>Por ello, dijo el tambi\u00e9n presidente del Tribunal Superior de Justicia de la Ciudad de M\u00e9xico, se dan este tipo de reuniones globales, a la que se convocan con respeto a los \u00e1mbitos y competencias, a fin de compartir experiencias en temas que son comunes, as\u00ed como informaci\u00f3n y propuestas de soluci\u00f3n.<\/p>\n<p>En su oportunidad, el subprocurador Betanzos Torres, y en representaci\u00f3n de la procuradora general de la Rep\u00fablica, Arely G\u00f3mez Gonz\u00e1lez, refrend\u00f3 el compromiso de la instituci\u00f3n con la sociedad, para combatir los delitos y la impunidad.<\/p>\n<p>Por su parte, el director general de la Comisi\u00f3n Federal de Mejora Regulatoria de la Secretar\u00eda de Econom\u00eda, Emilio Guti\u00e9rrez Caballero, enfatiz\u00f3 los beneficios logrados con la colaboraci\u00f3n entre la Conatrib y la instancia a su cargo para hacer m\u00e1s \u00e1gil la justicia mercantil, pero cit\u00f3 que a\u00fan hay mucho por hacer, en un pa\u00eds en el que est\u00e1n vigentes 150 mil regulaciones y 120 mil tr\u00e1mites.<\/p>\n<p>Durante la reuni\u00f3n, en la que estuvieron presentes los integrantes de las redes nacionales de Protecci\u00f3n a la Infancia, de juzgadores en Materia Civil Mercantil y los miembros del Foro Nacional en Materia Penal, El\u00edas Azar mencion\u00f3 como temas a tratar la participaci\u00f3n de la Interpol en la recuperaci\u00f3n de menores; los nuevos modelos de gesti\u00f3n judicial en materia penal; t\u00e9cnicas de mediaci\u00f3n y conciliaci\u00f3n en materia de oralidad mercantil y usura en los intereses y las tasas de inter\u00e9s en el sistema financiero.<\/p>\n<p>Asimismo, avances de la implementaci\u00f3n del nuevo sistema de justicia penal; tratados internacionales y derechos humanos en la funci\u00f3n judicial; derechos de visita internacional y an\u00e1lisis del procedimiento de restituci\u00f3n de menores y procesos de consolidaci\u00f3n de juicios mercantiles en el \u00e1mbito local.<\/p>\n<p>&nbsp;<\/p>\n","protected":false},"excerpt":{"rendered":"<p><span style=\"color: #005497;\">Jos\u00e9 Luis Monta\u00f1ez<\/span><br \/>\n<br \/>\nEl presidente de la Comisi\u00f3n Nacional de Tribunales Superiores de Justicia de los Estados Unidos Mexicanos (Conatrib), magistrado Edgar El\u00edas Azar, subray\u00f3 el nivel alcanzado de relaciones institucionales, respetuosas y productivas entre los poderes judiciales locales y los poderes Ejecutivo y Legislativo, y plante\u00f3 que esto se debe traducir en una realidad m\u00e1s \u00e1gil, expedita y comprensible en la justicia de los ciudadanos.<\/p>\n","protected":false},"author":3,"featured_media":270307,"comment_status":"open","ping_status":"open","sticky":false,"template":"","format":"standard","meta":{"_monsterinsights_skip_tracking":false,"_monsterinsights_sitenote_active":false,"_monsterinsights_sitenote_note":"","_monsterinsights_sitenote_category":0,"footnotes":""},"categories":[6],"tags":[204,31311,1925],"class_list":["post-270260","post","type-post","status-publish","format-standard","has-post-thumbnail","hentry","category-cd-de-mexico","tag-ciudad-de-mexico","tag-comision-nacional-de-tribunales-superiores-de-justicia-de-los-estados-unidos-mexicanos","tag-edgar-elias-azar"],"_links":{"self":[{"href":"https:\/\/www.diarioimagen.net\/index.php?rest_route=\/wp\/v2\/posts\/270260","targetHints":{"allow":["GET"]}}],"collection":[{"href":"https:\/\/www.diarioimagen.net\/index.php?rest_route=\/wp\/v2\/posts"}],"about":[{"href":"https:\/\/www.diarioimagen.net\/index.php?rest_route=\/wp\/v2\/types\/post"}],"author":[{"embeddable":true,"href":"https:\/\/www.diarioimagen.net\/index.php?rest_route=\/wp\/v2\/users\/3"}],"replies":[{"embeddable":true,"href":"https:\/\/www.diarioimagen.net\/index.php?rest_route=%2Fwp%2Fv2%2Fcomments&post=270260"}],"version-history":[{"count":0,"href":"https:\/\/www.diarioimagen.net\/index.php?rest_route=\/wp\/v2\/posts\/270260\/revisions"}],"wp:featuredmedia":[{"embeddable":true,"href":"https:\/\/www.diarioimagen.net\/index.php?rest_route=\/wp\/v2\/media\/270307"}],"wp:attachment":[{"href":"https:\/\/www.diarioimagen.net\/index.php?rest_route=%2Fwp%2Fv2%2Fmedia&parent=270260"}],"wp:term":[{"taxonomy":"category","embeddable":true,"href":"https:\/\/www.diarioimagen.net\/index.php?rest_route=%2Fwp%2Fv2%2Fcategories&post=270260"},{"taxonomy":"post_tag","embeddable":true,"href":"https:\/\/www.diarioimagen.net\/index.php?rest_route=%2Fwp%2Fv2%2Ftags&post=270260"}],"curies":[{"name":"wp","href":"https:\/\/api.w.org\/{rel}","templated":true}]}}