{"id":270269,"date":"2016-05-20T00:03:31","date_gmt":"2016-05-20T05:03:31","guid":{"rendered":"http:\/\/www.diarioimagen.net\/?p=270269"},"modified":"2016-05-22T21:48:25","modified_gmt":"2016-05-23T02:48:25","slug":"en-un-mes-10-mil-placas-para-escoltas-dice-mancera","status":"publish","type":"post","link":"https:\/\/www.diarioimagen.net\/?p=270269","title":{"rendered":"En un mes, 10 mil placas para escoltas,  dice Mancera"},"content":{"rendered":"<ul>\n<li><strong><em>Regulaci\u00f3n<\/em><\/strong><\/li>\n<\/ul>\n<p>&nbsp;<\/p>\n<p><a href=\"http:\/\/www.diarioimagen.net\/?attachment_id=270353\" rel=\"attachment wp-att-270353\"><img loading=\"lazy\" decoding=\"async\" class=\"aligncenter size-large wp-image-270353\" src=\"http:\/\/www.diarioimagen.net\/wp-content\/uploads\/2016\/05\/placas-2871-420x236.jpg\" alt=\"placas-2871\" width=\"420\" height=\"236\" srcset=\"https:\/\/www.diarioimagen.net\/wp-content\/uploads\/2016\/05\/placas-2871-420x236.jpg 420w, https:\/\/www.diarioimagen.net\/wp-content\/uploads\/2016\/05\/placas-2871-240x135.jpg 240w, https:\/\/www.diarioimagen.net\/wp-content\/uploads\/2016\/05\/placas-2871-235x132.jpg 235w, https:\/\/www.diarioimagen.net\/wp-content\/uploads\/2016\/05\/placas-2871-202x114.jpg 202w, https:\/\/www.diarioimagen.net\/wp-content\/uploads\/2016\/05\/placas-2871-350x196.jpg 350w, https:\/\/www.diarioimagen.net\/wp-content\/uploads\/2016\/05\/placas-2871-220x123.jpg 220w, https:\/\/www.diarioimagen.net\/wp-content\/uploads\/2016\/05\/placas-2871-237x132.jpg 237w, https:\/\/www.diarioimagen.net\/wp-content\/uploads\/2016\/05\/placas-2871.jpg 480w\" sizes=\"auto, (max-width: 420px) 100vw, 420px\" \/><\/a><\/p>\n<p>&nbsp;<\/p>\n<p>M\u00e1ximo de un mes se entregar\u00e1n las primeras placas para autos de escoltas de seguridad privada que circulan en la Ciudad de M\u00e9xico, , inform\u00f3 el jefe de gobierno, Miguel \u00c1ngel Mancera.<\/p>\n<p>Se\u00f1al\u00f3 el funcionario local que en una primera etapa se fabricar\u00e1n 10 mil placas, las cuales ya fueron autorizadas por la Secretar\u00eda de Comunicaciones y Transportes de la federaci\u00f3n.<\/p>\n<p>\u201cLo que yo anunci\u00e9 ser\u00e1 una regulaci\u00f3n de este tipo de veh\u00edculos en la Ciudad de M\u00e9xico, pronto lo vamos a echar andar. Estaba yo esperando la autorizaci\u00f3n de las placas, ya se autoriz\u00f3, ya se mandaron a elaborar\u201d.<\/p>\n<p>\u201cYo creo que m\u00e1ximo ser\u00e1 un mes porque las placas ya est\u00e1n autorizadas\u201d, se\u00f1al\u00f3.<\/p>\n<p>Agreg\u00f3 que encontr\u00f3 buena disposici\u00f3n de las secretar\u00edas de Gobernaci\u00f3n, de la Defensa Nacional y de Marina, as\u00ed como de las diferentes \u00e1reas de seguridad del gobierno federal para apoyar la regulaci\u00f3n de escoltas en la capital.<\/p>\n<p>El jefe de gobierno ya se hab\u00eda pronunciado por regular a los elementos de seguridad privada, luego de una agresi\u00f3n que sufri\u00f3 el \u201cCity Manager\u201d de la delegaci\u00f3n Miguel Hidalgo, Arne aus den Ruthen, por parte de escoltas.<\/p>\n<p>Arne fue golpeado por cuatro personas cerca de Paseo de la Reforma mientras realizaba un operativo para retirar autos estacionados en lugares prohibidos, el cual fue transmitido, incluyendo la agresi\u00f3n, v\u00eda Periscope.<\/p>\n<p>\u201cVamos por la balizaci\u00f3n, o sea, no queremos m\u00e1s veh\u00edculos simplemente negros sin placas o con alguna placa que no sea visible, elementos que traigan armas y que no traigan portaci\u00f3n, vamos a regular, nos vamos a meter en serio con este planteamiento\u201d, dijo.<\/p>\n<p style=\"text-align: center;\"><strong>Normatividad<\/strong><\/p>\n<p>Balizamiento de veh\u00edculos, mayores controles para otorgar el permiso de portaci\u00f3n de arma, y el verificar que quienes ofrezcan el servicio de guardia y custodia est\u00e9n capacitados para ello formar\u00e1 parte de la nueva normatividad para regular a los escoltas.<\/p>\n<p>Hiram Almeida, titular de la Secretar\u00eda de Seguridad P\u00fablica capitalina (SSPCDMX), anunci\u00f3 anteriormente que dichas medidas formar\u00e1n parte de la nueva normatividad que acatar\u00e1n los elementos y las empresas dedicadas a ofrecer el servicio de seguridad personal privada, con el objetivo de evitar actos de prepotencia por parte de los guardaespaldas en contra de la ciudadan\u00eda.<\/p>\n<p>\u201cEstamos haciendo una reglamentaci\u00f3n e implementaci\u00f3n al respecto (de los escoltas), porque tenemos que cerciorarnos de que se balice a los veh\u00edculos, a las placas, y se d\u00e9 certeza a la ciudadan\u00eda, y no sean v\u00edctimas de actos de prepotencia inclusive donde exista la violaci\u00f3n de algunos derechos y lesiones de algunos particulares\u201d.<\/p>\n","protected":false},"excerpt":{"rendered":"<p>M\u00e1ximo de un mes se entregar\u00e1n las primeras placas para autos de escoltas de seguridad privada que circulan en la Ciudad de M\u00e9xico, , inform\u00f3 el jefe de gobierno, Miguel \u00c1ngel Mancera. Se\u00f1al\u00f3 el funcionario local que en una primera etapa se fabricar\u00e1n 10 mil placas, las cuales ya fueron autorizadas por la Secretar\u00eda de Comunicaciones y Transportes de la federaci\u00f3n.<\/p>\n","protected":false},"author":3,"featured_media":270353,"comment_status":"open","ping_status":"open","sticky":false,"template":"","format":"standard","meta":{"_monsterinsights_skip_tracking":false,"_monsterinsights_sitenote_active":false,"_monsterinsights_sitenote_note":"","_monsterinsights_sitenote_category":0,"footnotes":""},"categories":[6],"tags":[204,5314],"class_list":["post-270269","post","type-post","status-publish","format-standard","has-post-thumbnail","hentry","category-cd-de-mexico","tag-ciudad-de-mexico","tag-miguel-angel-mancera-espinosa"],"_links":{"self":[{"href":"https:\/\/www.diarioimagen.net\/index.php?rest_route=\/wp\/v2\/posts\/270269","targetHints":{"allow":["GET"]}}],"collection":[{"href":"https:\/\/www.diarioimagen.net\/index.php?rest_route=\/wp\/v2\/posts"}],"about":[{"href":"https:\/\/www.diarioimagen.net\/index.php?rest_route=\/wp\/v2\/types\/post"}],"author":[{"embeddable":true,"href":"https:\/\/www.diarioimagen.net\/index.php?rest_route=\/wp\/v2\/users\/3"}],"replies":[{"embeddable":true,"href":"https:\/\/www.diarioimagen.net\/index.php?rest_route=%2Fwp%2Fv2%2Fcomments&post=270269"}],"version-history":[{"count":0,"href":"https:\/\/www.diarioimagen.net\/index.php?rest_route=\/wp\/v2\/posts\/270269\/revisions"}],"wp:featuredmedia":[{"embeddable":true,"href":"https:\/\/www.diarioimagen.net\/index.php?rest_route=\/wp\/v2\/media\/270353"}],"wp:attachment":[{"href":"https:\/\/www.diarioimagen.net\/index.php?rest_route=%2Fwp%2Fv2%2Fmedia&parent=270269"}],"wp:term":[{"taxonomy":"category","embeddable":true,"href":"https:\/\/www.diarioimagen.net\/index.php?rest_route=%2Fwp%2Fv2%2Fcategories&post=270269"},{"taxonomy":"post_tag","embeddable":true,"href":"https:\/\/www.diarioimagen.net\/index.php?rest_route=%2Fwp%2Fv2%2Ftags&post=270269"}],"curies":[{"name":"wp","href":"https:\/\/api.w.org\/{rel}","templated":true}]}}