{"id":270271,"date":"2016-05-20T00:07:09","date_gmt":"2016-05-20T05:07:09","guid":{"rendered":"http:\/\/www.diarioimagen.net\/?p=270271"},"modified":"2016-05-20T02:23:28","modified_gmt":"2016-05-20T07:23:28","slug":"imparten-curso-de-equidad-de-genero","status":"publish","type":"post","link":"https:\/\/www.diarioimagen.net\/?p=270271","title":{"rendered":"Imparten curso de equidad de g\u00e9nero"},"content":{"rendered":"<ul>\n<li><strong><em>Concientizaci\u00f3n en Tultitl\u00e1n<\/em><\/strong><\/li>\n<\/ul>\n<p>&nbsp;<\/p>\n<div id=\"attachment_270323\" style=\"width: 430px\" class=\"wp-caption aligncenter\"><a href=\"http:\/\/www.diarioimagen.net\/?attachment_id=270323\" rel=\"attachment wp-att-270323\"><img loading=\"lazy\" decoding=\"async\" aria-describedby=\"caption-attachment-270323\" class=\"size-large wp-image-270323\" src=\"http:\/\/www.diarioimagen.net\/wp-content\/uploads\/2016\/05\/TULTITLAN-2871-420x236.jpg\" alt=\"Elementos de la Comisar\u00eda de Seguridad P\u00fablica, Vialidad y Protecci\u00f3n Civil recibieron un curso sobre Equidad de G\u00e9nero.\" width=\"420\" height=\"236\" srcset=\"https:\/\/www.diarioimagen.net\/wp-content\/uploads\/2016\/05\/TULTITLAN-2871-420x236.jpg 420w, https:\/\/www.diarioimagen.net\/wp-content\/uploads\/2016\/05\/TULTITLAN-2871-240x135.jpg 240w, https:\/\/www.diarioimagen.net\/wp-content\/uploads\/2016\/05\/TULTITLAN-2871-235x132.jpg 235w, https:\/\/www.diarioimagen.net\/wp-content\/uploads\/2016\/05\/TULTITLAN-2871-202x114.jpg 202w, https:\/\/www.diarioimagen.net\/wp-content\/uploads\/2016\/05\/TULTITLAN-2871-350x196.jpg 350w, https:\/\/www.diarioimagen.net\/wp-content\/uploads\/2016\/05\/TULTITLAN-2871-220x123.jpg 220w, https:\/\/www.diarioimagen.net\/wp-content\/uploads\/2016\/05\/TULTITLAN-2871-237x132.jpg 237w, https:\/\/www.diarioimagen.net\/wp-content\/uploads\/2016\/05\/TULTITLAN-2871.jpg 480w\" sizes=\"auto, (max-width: 420px) 100vw, 420px\" \/><\/a><p id=\"caption-attachment-270323\" class=\"wp-caption-text\">Elementos de la Comisar\u00eda de Seguridad P\u00fablica, Vialidad y Protecci\u00f3n Civil recibieron un curso sobre Equidad de G\u00e9nero.<\/p><\/div>\n<p>&nbsp;<\/p>\n<p><strong>Tultitl\u00e1n, Estado de M\u00e9xico<\/strong>.- Con la firme intenci\u00f3n de concientizar a los elementos\u00a0de la Comisar\u00eda de Seguridad P\u00fablica, Vialidad y Protecci\u00f3n Civil sobre las medidas de\u00a0\u00a0prevenci\u00f3n y erradicaci\u00f3n de violencia hacia las mujeres, elementos de esta dependencia concluyeron el curso de Equidad de G\u00e9nero.<\/p>\n<p>Al hacer entrega de las constancias respectivas a los uniformados, el presidente municipal y maestro en administraci\u00f3n p\u00fablica\u00a0Jorge Ad\u00e1n Barr\u00f3n Elizalde,\u00a0 afirm\u00f3 que en el ayuntamiento se tienen implementados protocolos de actuaci\u00f3n en caso de presentarse alg\u00fan evento que ponga en riesgo la integridad f\u00edsica y psicol\u00f3gica de las mujeres.<\/p>\n<p>Dijo que al estar\u00a0\u00a0Tultitl\u00e1n dentro de los municipios con alerta de g\u00e9nero, desde los primeros d\u00edas de la administraci\u00f3n 2016-2018 se han\u00a0\u00a0tomado medidas de prevenci\u00f3n con el objetivo claro de erradicar todo tipo de acciones que atenten contra el sector femenino.<\/p>\n<p>Refiri\u00f3 que no s\u00f3lo los polic\u00edas, sino todo el personal administrativo ha sido capacitado en el tema sobre la alerta de g\u00e9nero y sepan que hacer en caso de presentarse alguna situaci\u00f3n dentro del \u00e1rea laboral y personal.<\/p>\n<p>La directora del Instituto Municipal de Protecci\u00f3n de la Mujer,\u00a0enfatiz\u00f3 que es de suma importancia tener una polic\u00eda capacitada e incluyente en todos los aspectos, tras asegurar que todo el personal de la Comisar\u00eda de Seguridad P\u00fablica ya fue capacitado sobre el tema.<\/p>\n<p>Cabe se\u00f1alar que el curso de Equidad de G\u00e9nero incluy\u00f3 temas como la\u00a0equidad e igualdad, empoderamiento de la mujer, masculinidades positivas y lenguaje igualitario, los cuales\u00a0se impartieron a los uniformados, en\u00a0coordinaci\u00f3n con el Consejo Estatal de la Mujer y Bienestar Social y el Instituto Municipal de Protecci\u00f3n de la Mujer.<\/p>\n<p>&nbsp;<\/p>\n","protected":false},"excerpt":{"rendered":"<p>Concientizaci\u00f3n en Tultitl\u00e1n &nbsp; &nbsp; Tultitl\u00e1n, Estado de M\u00e9xico.- Con la firme intenci\u00f3n de concientizar a los elementos\u00a0de la Comisar\u00eda de Seguridad P\u00fablica, Vialidad y Protecci\u00f3n Civil sobre las medidas de\u00a0\u00a0prevenci\u00f3n y erradicaci\u00f3n de violencia hacia las mujeres, elementos de esta dependencia concluyeron el curso de Equidad de G\u00e9nero. Al hacer entrega de las constancias [&hellip;]<\/p>\n","protected":false},"author":3,"featured_media":270323,"comment_status":"open","ping_status":"open","sticky":false,"template":"","format":"standard","meta":{"_monsterinsights_skip_tracking":false,"_monsterinsights_sitenote_active":false,"_monsterinsights_sitenote_note":"","_monsterinsights_sitenote_category":0,"footnotes":""},"categories":[35155],"tags":[43675,578,14425],"class_list":["post-270271","post","type-post","status-publish","format-standard","has-post-thumbnail","hentry","category-estado-de-mexico-estado-de-mexico","tag-estado-de-mexico","tag-tultitlan","tag-violencia-de-genero"],"_links":{"self":[{"href":"https:\/\/www.diarioimagen.net\/index.php?rest_route=\/wp\/v2\/posts\/270271","targetHints":{"allow":["GET"]}}],"collection":[{"href":"https:\/\/www.diarioimagen.net\/index.php?rest_route=\/wp\/v2\/posts"}],"about":[{"href":"https:\/\/www.diarioimagen.net\/index.php?rest_route=\/wp\/v2\/types\/post"}],"author":[{"embeddable":true,"href":"https:\/\/www.diarioimagen.net\/index.php?rest_route=\/wp\/v2\/users\/3"}],"replies":[{"embeddable":true,"href":"https:\/\/www.diarioimagen.net\/index.php?rest_route=%2Fwp%2Fv2%2Fcomments&post=270271"}],"version-history":[{"count":0,"href":"https:\/\/www.diarioimagen.net\/index.php?rest_route=\/wp\/v2\/posts\/270271\/revisions"}],"wp:featuredmedia":[{"embeddable":true,"href":"https:\/\/www.diarioimagen.net\/index.php?rest_route=\/wp\/v2\/media\/270323"}],"wp:attachment":[{"href":"https:\/\/www.diarioimagen.net\/index.php?rest_route=%2Fwp%2Fv2%2Fmedia&parent=270271"}],"wp:term":[{"taxonomy":"category","embeddable":true,"href":"https:\/\/www.diarioimagen.net\/index.php?rest_route=%2Fwp%2Fv2%2Fcategories&post=270271"},{"taxonomy":"post_tag","embeddable":true,"href":"https:\/\/www.diarioimagen.net\/index.php?rest_route=%2Fwp%2Fv2%2Ftags&post=270271"}],"curies":[{"name":"wp","href":"https:\/\/api.w.org\/{rel}","templated":true}]}}