{"id":270440,"date":"2016-05-22T23:40:39","date_gmt":"2016-05-23T04:40:39","guid":{"rendered":"http:\/\/www.diarioimagen.net\/?p=270440"},"modified":"2016-05-23T04:11:28","modified_gmt":"2016-05-23T09:11:28","slug":"los-colores-y-sentimientos-de-fernando-andriacci","status":"publish","type":"post","link":"https:\/\/www.diarioimagen.net\/?p=270440","title":{"rendered":"\u201cLos colores y sentimientos\u201d de Fernando Andriacci"},"content":{"rendered":"<ul>\n<li><em><strong>El artista oaxaque\u00f1o, egresado del Museo Rufino Tamayo y de la Escuela de Bellas Artes, exhibe su colecci\u00f3n 2016 de \u00f3leo, gr\u00e1ficas, bronces y gouches en el 101 Art Galleries de Polanco<\/strong><\/em><\/li>\n<\/ul>\n<h6>Asael Grande<\/h6>\n<p>&nbsp;<\/p>\n<div id=\"attachment_270441\" style=\"width: 430px\" class=\"wp-caption aligncenter\"><a href=\"http:\/\/www.diarioimagen.net\/?attachment_id=270441\" rel=\"attachment wp-att-270441\"><img loading=\"lazy\" decoding=\"async\" aria-describedby=\"caption-attachment-270441\" class=\"size-large wp-image-270441\" src=\"http:\/\/www.diarioimagen.net\/wp-content\/uploads\/2016\/05\/fernando-andriacci-pooortal-420x315.jpg\" alt=\"Egresado del Museo Rufino Tamayo y de la Escuela de Bellas Artes, Fernando Andriacci explic\u00f3 que tambi\u00e9n se da el tiempo de hacer esculturas monumentales, que expone en las calles de Oaxaca, para aportar algo a la ciudad y al pueblo. (Foto: Asael Grande)\" width=\"420\" height=\"315\" srcset=\"https:\/\/www.diarioimagen.net\/wp-content\/uploads\/2016\/05\/fernando-andriacci-pooortal-420x315.jpg 420w, https:\/\/www.diarioimagen.net\/wp-content\/uploads\/2016\/05\/fernando-andriacci-pooortal-240x180.jpg 240w, https:\/\/www.diarioimagen.net\/wp-content\/uploads\/2016\/05\/fernando-andriacci-pooortal.jpg 700w\" sizes=\"auto, (max-width: 420px) 100vw, 420px\" \/><\/a><p id=\"caption-attachment-270441\" class=\"wp-caption-text\">Egresado del Museo Rufino Tamayo y de la Escuela de Bellas Artes, Fernando Andriacci explic\u00f3 que tambi\u00e9n se da el tiempo de hacer esculturas monumentales, que expone en las calles de Oaxaca, para aportar algo a la ciudad y al pueblo. <em>(Foto: Asael Grande)<\/em><\/p><\/div>\n<p>&nbsp;<\/p>\n<p>El 101 Art Galleries de Polanco nace con la finalidad de promover el arte mexicano, exhibe obras de prestigiados artistas nacionales e internacionales, y el arte oaxaque\u00f1o no pod\u00eda faltar en esta prestigiosa galer\u00eda con la nueva colecci\u00f3n 2016 del gran artista oxaque\u00f1o Fernando Andriacci, titulada \u201cLos colores y sentimientos de mi tierra\u201d:<\/p>\n<p>\u201cMi influencia para realizar esta obra viene siendo en general el cielo de Oaxaca, la comida, sus regiones, con tanto color y tantas formas y figuras, todo eso lo plasmo en mis \u00f3leos y mis pinturas, en esta exposici\u00f3n hay alrededor de unas 60 piezas, el t\u00edtulo tiene que ver con lo nuevo que estoy trabajando, viene un poco brincando de un estilo a otro, algo figurativo, algo abstracto, y los fondos trabajados, tratando de darle un giro a mi pintura, refresc\u00e1ndola un poco m\u00e1s, trabajo en cer\u00e1mica, \u00f3leo, bronce, serigraf\u00eda y en textil, un poco influenci\u00e1ndome con lo que hac\u00eda el maestro Rodolfo Morales, un oaxaque\u00f1o que trabajaba mucho las telas, hay influencias de m\u00e1s artistas\u201d, explic\u00f3 el autor oaxaque\u00f1o en entrevista con DIARIO IMAGEN.<\/p>\n<p>Originario de Cuicatl\u00e1n, en Oaxaca, M\u00e9xico, en su formaci\u00f3n profesional, Andriacci se ha dedicado al campo del arte y sus expresiones, considerando tanto nociones pr\u00e1cticas como te\u00f3ricas: \u201cdesde que empec\u00e9 a pintar, he ido interactuando con los insectos, con los animales, los perros y el sapo, son elementos cotidianos, ahorita tengo un jaguar, elefantes, interact\u00fao en mi pintura con los animales, con los ni\u00f1os, con lo que voy viviendo, eso lo voy reflejando en mi pintura desde los nueve a\u00f1os que me inici\u00e9 en la pintura, hay vivencias con la realidad reflejadas en la interpretaci\u00f3n de mi trabajo. Toda m vida he pintado, y es una vivencia de todos los d\u00edas, lo hago con pasi\u00f3n\u201d.<\/p>\n<p>Con influencias art\u00edsticas que se derivan de compartir un contexto y espacio \u00fanicos, Andriacci es distinguido por su trabajo en pintura, cer\u00e1mica y obra mural. En su obra predominan figuras animales y vegetales, ricamente ataviadas con otras m\u00e1s peque\u00f1as y con dise\u00f1os que se insertan en lo decorativo. Las representaciones zoomorfas se convierten en un bestiario propio que recrea la dimensi\u00f3n de lo fant\u00e1stico: \u201cme gustar\u00eda dejar huella ense\u00f1ando pintura en talleres con j\u00f3venes y los ni\u00f1os, de alguna he tratado de poner mi granito de arena en algunas comunidades, he sacado algunos cat\u00e1logos, pero s\u00ed me gustar\u00eda sacar un buen libro con mi obra\u201d, agrega Fernando Andriacci, quien llevar\u00e1 en un par de semanas su obra a Nueva Orleans y Houston, en Estados Unidos.<\/p>\n","protected":false},"excerpt":{"rendered":"<p>El 101 Art Galleries de Polanco nace con la finalidad de promover el arte mexicano, exhibe obras de prestigiados artistas nacionales e internacionales, y el arte oaxaque\u00f1o no pod\u00eda faltar en esta prestigiosa galer\u00eda con la nueva colecci\u00f3n 2016 del gran artista oxaque\u00f1o Fernando Andriacci, titulada \u201cLos colores y sentimientos de mi tierra\u201d:<\/p>\n","protected":false},"author":5,"featured_media":270442,"comment_status":"open","ping_status":"open","sticky":false,"template":"","format":"standard","meta":{"_monsterinsights_skip_tracking":false,"_monsterinsights_sitenote_active":false,"_monsterinsights_sitenote_note":"","_monsterinsights_sitenote_category":0,"footnotes":""},"categories":[17,12],"tags":[17340,43682],"class_list":["post-270440","post","type-post","status-publish","format-standard","has-post-thumbnail","hentry","category-especiales","category-espectaculos","tag-bellas-artes","tag-espectaculos"],"_links":{"self":[{"href":"https:\/\/www.diarioimagen.net\/index.php?rest_route=\/wp\/v2\/posts\/270440","targetHints":{"allow":["GET"]}}],"collection":[{"href":"https:\/\/www.diarioimagen.net\/index.php?rest_route=\/wp\/v2\/posts"}],"about":[{"href":"https:\/\/www.diarioimagen.net\/index.php?rest_route=\/wp\/v2\/types\/post"}],"author":[{"embeddable":true,"href":"https:\/\/www.diarioimagen.net\/index.php?rest_route=\/wp\/v2\/users\/5"}],"replies":[{"embeddable":true,"href":"https:\/\/www.diarioimagen.net\/index.php?rest_route=%2Fwp%2Fv2%2Fcomments&post=270440"}],"version-history":[{"count":0,"href":"https:\/\/www.diarioimagen.net\/index.php?rest_route=\/wp\/v2\/posts\/270440\/revisions"}],"wp:featuredmedia":[{"embeddable":true,"href":"https:\/\/www.diarioimagen.net\/index.php?rest_route=\/wp\/v2\/media\/270442"}],"wp:attachment":[{"href":"https:\/\/www.diarioimagen.net\/index.php?rest_route=%2Fwp%2Fv2%2Fmedia&parent=270440"}],"wp:term":[{"taxonomy":"category","embeddable":true,"href":"https:\/\/www.diarioimagen.net\/index.php?rest_route=%2Fwp%2Fv2%2Fcategories&post=270440"},{"taxonomy":"post_tag","embeddable":true,"href":"https:\/\/www.diarioimagen.net\/index.php?rest_route=%2Fwp%2Fv2%2Ftags&post=270440"}],"curies":[{"name":"wp","href":"https:\/\/api.w.org\/{rel}","templated":true}]}}