{"id":270459,"date":"2016-05-22T23:45:36","date_gmt":"2016-05-23T04:45:36","guid":{"rendered":"http:\/\/www.diarioimagen.net\/?p=270459"},"modified":"2016-05-23T04:11:09","modified_gmt":"2016-05-23T09:11:09","slug":"los-recoditos-cumplen-un-sueno-mas","status":"publish","type":"post","link":"https:\/\/www.diarioimagen.net\/?p=270459","title":{"rendered":"Los Recoditos cumplen un sue\u00f1o m\u00e1s"},"content":{"rendered":"<ul>\n<li><em><strong>Las 10 mil personas que llenaron su primer Auditorio Nacional fueron parte del hist\u00f3rico acontecimiento de la agrupaci\u00f3n, que vive uno de sus grandes momentos<\/strong><\/em><\/li>\n<\/ul>\n<h6>Asael Grande<\/h6>\n<p>&nbsp;<\/p>\n<div id=\"attachment_270460\" style=\"width: 430px\" class=\"wp-caption aligncenter\"><a href=\"http:\/\/www.diarioimagen.net\/?attachment_id=270460\" rel=\"attachment wp-att-270460\"><img loading=\"lazy\" decoding=\"async\" aria-describedby=\"caption-attachment-270460\" class=\"wp-image-270460\" src=\"http:\/\/www.diarioimagen.net\/wp-content\/uploads\/2016\/05\/los-recoditos-pooortal-420x379.jpg\" alt=\"Antonio Silva, ejecutivo de Universal Music, los sorprendi\u00f3 no con uno, sino con siete reconocimientos, el primero fue un Disco de Platino, por la venta de m\u00e1s de 60,000 unidades del disco \u201cAndo bien pedo\u201d; el siguiente fue Doble Disco de Platino por la venta de m\u00e1s de 125,000 unidades del \u00e1lbum \u201cEl free\u201d, y el tercero fue por Triple Disco de Oro, por la venta de 199,000 unidades de la producci\u00f3n \u201cSue\u00f1o XXX\u201d.\" width=\"420\" height=\"379\" srcset=\"https:\/\/www.diarioimagen.net\/wp-content\/uploads\/2016\/05\/los-recoditos-pooortal-420x379.jpg 420w, https:\/\/www.diarioimagen.net\/wp-content\/uploads\/2016\/05\/los-recoditos-pooortal-240x216.jpg 240w, https:\/\/www.diarioimagen.net\/wp-content\/uploads\/2016\/05\/los-recoditos-pooortal.jpg 700w\" sizes=\"auto, (max-width: 420px) 100vw, 420px\" \/><\/a><p id=\"caption-attachment-270460\" class=\"wp-caption-text\">Antonio Silva, ejecutivo de Universal Music, los sorprendi\u00f3 no con uno, sino con siete reconocimientos, el primero fue un Disco de Platino, por la venta de m\u00e1s de 60,000 unidades del disco \u201cAndo bien pedo\u201d; el siguiente fue Doble Disco de Platino por la venta de m\u00e1s de 125,000 unidades del \u00e1lbum \u201cEl free\u201d, y el tercero fue por Triple Disco de Oro, por la venta de 199,000 unidades de la producci\u00f3n \u201cSue\u00f1o XXX\u201d.<\/p><\/div>\n<p>&nbsp;<\/p>\n<p>La banda juvenil m\u00e1s imponente del regional mexicano conquist\u00f3 otro \u00e9xito m\u00e1s en este 2016 con su debut en uno de los escenarios m\u00e1s importantes de M\u00e9xico: el Auditorio Nacional, en donde se presentaron por primera vez en un megaconcierto que se hizo realidad para los seguidores esta agrupaci\u00f3n originaria de Mazatl\u00e1n, Sinaloa, formada en 1989 y debe su nombre a La Banda El Recodo.<\/p>\n<p>La noche que se convirti\u00f3 en inolvidable, inici\u00f3 en punto de las 20:30 horas con las canciones \u201cEl sinaloense\u201d, seguido por \u201cPistear\u00e9\u201d.<\/p>\n<p>Gracias a Dios por darnos esta oportunidad tan especial, gracias a todos ustedes y a nuestra familia por estar esta noche con nosotros\u201d, fueron las palabras de bienvenida del cantante Luis \u00c1ngel \u201cEl Flaco\u201d Franco. Despu\u00e9s de la proyecci\u00f3n del video de la historia de Los Recoditos, la noche continu\u00f3 con los temas como \u201cCuando nadie me quiera\u201d, \u201cDebajo de los laureles\u201d, \u201cNo volver\u00e9\u201d y \u201cMi ni\u00f1a bonita\u201d, para darle la bienvenida al primer invitado de la noche, Pancho Barraza\u00a0(primer vocalista de Los Recoditos), quien subi\u00f3 al escenario para cantar los temas \u201cVuelve por favor\u201d, \u201cYa se fue\u201d, \u201cMe sobrar\u00e1s t\u00fa\u201d, y \u201cMi enemigo el amor\u201d.<\/p>\n<p>Y las sorpresas siguieron con la entrega de reconocimientos para Los Recoditos, quienes recibieron de manos de Antonio Silva, ejecutivo de Universal Music, siete reconocimientos: Disco de Platino, por la venta de m\u00e1s de 60 mil unidades del disco \u201cAndo bien pedo\u201d; Doble Disco de Platino por la venta de m\u00e1s de 125 mil unidades de su exitoso disco \u201cEl free\u201d; y por \u00faltimo, Disco Triple Oro, por la venta de 199 mil unidades de la producci\u00f3n \u201cSue\u00f1o XXX\u201d.<\/p>\n<p>El baile y los gritos de los fans no pararon ni con las canciones \u201cAndo bien pedo\u201d, \u201cLa escuelita\u201d, \u201cEres dif\u00edcil\u201d, \u201cNo te quiero perder\u201d y \u201cEl camaroncito\u201d, para seguir con \u201cRecu\u00e9rdame as\u00ed\u201d, dedicada a su fallecido compa\u00f1ero de agrupaci\u00f3n, Luis Fernando Mu\u00f1oz. Otro momento emotivo lleg\u00f3 con el homenaje a Jenni Rivera y la interpretaci\u00f3n de \u201cNo llega el olvido\u201d y \u201cQu\u00e9 me vas a dar si vuelvo\u201d.<\/p>\n<p>Otro de los invitados especiales de la noche fue Jos\u00e9 Manuel Figueroa, quien cant\u00f3 un tema de su fallecido padre Joan Sebastian, \u201cTatuajes\u201d, as\u00ed como la canci\u00f3n \u201cExpulsado del para\u00edso\u201d.<\/p>\n<p>Los \u00e9xitos de Los Recoditos siguieron con canciones como \u201cEl shot\u201d, donde subieron al escenario a las fans para bailar y cantar. Para finalizar la fiesta el concierto acab\u00f3 con \u201cEn resumen\u201d, \u201cLa peda\u201d, \u201cMe toc\u00f3 perder\u201d, \u201cCuando te entregues a \u00e9l\u201d, \u201cPara ti solita\u201d, y \u201cEl toro mambo\u201d.<\/p>\n","protected":false},"excerpt":{"rendered":"<p>La banda juvenil m\u00e1s imponente del regional mexicano conquist\u00f3 otro \u00e9xito m\u00e1s en este 2016 con su debut en uno de los escenarios m\u00e1s importantes de M\u00e9xico: el Auditorio Nacional, en donde se presentaron por primera vez en un megaconcierto que se hizo realidad para los seguidores esta agrupaci\u00f3n originaria de Mazatl\u00e1n, Sinaloa, formada en 1989 y debe su nombre a La Banda El Recodo.<\/p>\n","protected":false},"author":5,"featured_media":270461,"comment_status":"open","ping_status":"open","sticky":false,"template":"","format":"standard","meta":{"_monsterinsights_skip_tracking":false,"_monsterinsights_sitenote_active":false,"_monsterinsights_sitenote_note":"","_monsterinsights_sitenote_category":0,"footnotes":""},"categories":[17,12],"tags":[471,43682],"class_list":["post-270459","post","type-post","status-publish","format-standard","has-post-thumbnail","hentry","category-especiales","category-espectaculos","tag-auditorio-nacional","tag-espectaculos"],"_links":{"self":[{"href":"https:\/\/www.diarioimagen.net\/index.php?rest_route=\/wp\/v2\/posts\/270459","targetHints":{"allow":["GET"]}}],"collection":[{"href":"https:\/\/www.diarioimagen.net\/index.php?rest_route=\/wp\/v2\/posts"}],"about":[{"href":"https:\/\/www.diarioimagen.net\/index.php?rest_route=\/wp\/v2\/types\/post"}],"author":[{"embeddable":true,"href":"https:\/\/www.diarioimagen.net\/index.php?rest_route=\/wp\/v2\/users\/5"}],"replies":[{"embeddable":true,"href":"https:\/\/www.diarioimagen.net\/index.php?rest_route=%2Fwp%2Fv2%2Fcomments&post=270459"}],"version-history":[{"count":0,"href":"https:\/\/www.diarioimagen.net\/index.php?rest_route=\/wp\/v2\/posts\/270459\/revisions"}],"wp:featuredmedia":[{"embeddable":true,"href":"https:\/\/www.diarioimagen.net\/index.php?rest_route=\/wp\/v2\/media\/270461"}],"wp:attachment":[{"href":"https:\/\/www.diarioimagen.net\/index.php?rest_route=%2Fwp%2Fv2%2Fmedia&parent=270459"}],"wp:term":[{"taxonomy":"category","embeddable":true,"href":"https:\/\/www.diarioimagen.net\/index.php?rest_route=%2Fwp%2Fv2%2Fcategories&post=270459"},{"taxonomy":"post_tag","embeddable":true,"href":"https:\/\/www.diarioimagen.net\/index.php?rest_route=%2Fwp%2Fv2%2Ftags&post=270459"}],"curies":[{"name":"wp","href":"https:\/\/api.w.org\/{rel}","templated":true}]}}