{"id":270463,"date":"2016-05-22T23:35:36","date_gmt":"2016-05-23T04:35:36","guid":{"rendered":"http:\/\/www.diarioimagen.net\/?p=270463"},"modified":"2016-05-23T04:11:50","modified_gmt":"2016-05-23T09:11:50","slug":"triunfan-las-analfabetas-en-chile-y-ahora-llegan-a-mexico","status":"publish","type":"post","link":"https:\/\/www.diarioimagen.net\/?p=270463","title":{"rendered":"Triunfan \u201cLas analfabetas\u201d en Chile y ahora llegan a M\u00e9xico"},"content":{"rendered":"<ul>\n<li><em><strong>La puesta en escena ser\u00e1 protagonizada por Dolores Heredia y Gabriela de la Garza; inicia temporada el 3 de junio en La Teatrer\u00eda, de la colonia Roma<\/strong><\/em><\/li>\n<\/ul>\n<h6>Arturo Arellano<\/h6>\n<p>&nbsp;<\/p>\n<div id=\"attachment_270464\" style=\"width: 430px\" class=\"wp-caption aligncenter\"><a href=\"http:\/\/www.diarioimagen.net\/?attachment_id=270464\" rel=\"attachment wp-att-270464\"><img loading=\"lazy\" decoding=\"async\" aria-describedby=\"caption-attachment-270464\" class=\"size-large wp-image-270464\" src=\"http:\/\/www.diarioimagen.net\/wp-content\/uploads\/2016\/05\/las-analfabetas-pooortal-420x314.jpg\" alt=\"Este 3 de junio llega a la cartelera teatral \u201cLas analfabetas\u201d, historia escrita por el dramaturgo y poeta chileno Pablo Paredes, que estar\u00e1 bajo la direcci\u00f3n de Paulina Garc\u00eda, con las actuaciones de Dolores Heredia y Gabriela de la Garza. (Foto: Arturo Arellano).\" width=\"420\" height=\"314\" srcset=\"https:\/\/www.diarioimagen.net\/wp-content\/uploads\/2016\/05\/las-analfabetas-pooortal-420x314.jpg 420w, https:\/\/www.diarioimagen.net\/wp-content\/uploads\/2016\/05\/las-analfabetas-pooortal-240x179.jpg 240w, https:\/\/www.diarioimagen.net\/wp-content\/uploads\/2016\/05\/las-analfabetas-pooortal.jpg 700w\" sizes=\"auto, (max-width: 420px) 100vw, 420px\" \/><\/a><p id=\"caption-attachment-270464\" class=\"wp-caption-text\">Este 3 de junio llega a la cartelera teatral \u201cLas analfabetas\u201d, historia escrita por el dramaturgo y poeta chileno Pablo Paredes, que estar\u00e1 bajo la direcci\u00f3n de Paulina Garc\u00eda, con las actuaciones de Dolores Heredia y Gabriela de la Garza. <em>(Foto: Arturo Arellano).<\/em><\/p><\/div>\n<p>&nbsp;<\/p>\n<p>\u201cLas anafabetas\u201d es una puesta en escena, pluma del dramaturgo y poeta chileno Pablo Paredes, quien ya triunf\u00f3 en su natal pa\u00eds, incluso teniendo una versi\u00f3n en cine de su obra. Ahora \u201cLas analfabetas\u201d llegar\u00e1 a M\u00e9xico y ser\u00e1 protagonizada por Dolores Heredia y Gabriela de la Garza, bajo la direcci\u00f3n de Paulina Garc\u00eda, quienes har\u00e1n lo suyo a partir del 3 de junio y hasta el 17 de julio, en La Teatrer\u00eda, de la colonia Roma.<\/p>\n<p>En conferencia de prensa, Dolores Heredia y Gabriela de la Garza, acompa\u00f1adas de su directora, hablaron al respecto. \u201cLa obra narra la historia de \u2018Ximena\u2019, una mujer mayor a los 50 a\u00f1os, quien vive aislada y evadiendo al mundo. Su \u00fanica amistad son las plantas que cuida, pues no la juzgan de su analfabetismo. Sin embargo, un d\u00eda \u2018Jacqueline\u2019, joven e idealista profesora desempleada la contrata para que le lea el peri\u00f3dico, es entonces que se da cuenta de que no sabe leer y decide imponerse la misi\u00f3n de ense\u00f1arle, para que luego pueda descubrir el mensaje que le dej\u00f3 en una carta su padre muchos a\u00f1os antes de abandonarla\u201d, dijo la directora Paulina Garc\u00eda.<\/p>\n<p>Agreg\u00f3 que esta obra es \u201cun homenaje a la lengua espa\u00f1ola, inspirada en la obra de la escritora Gabriela Mistral, que realiz\u00f3 en el 2009, cuando estaban las protestas estudiantiles en Chile\u201d.<\/p>\n<p>En \u201cLas analfabetas, el escritor Pablo Paredes expone c\u00f3mo se comporta un ni\u00f1o, c\u00f3mo hablamos el castellano, por qu\u00e9 decimos las cosas de cierta manera, es por ello tambi\u00e9n una historia sobre la resistencia, la creatividad y la capacidad de sobreponerse al dolor\u201d.<\/p>\n<p>En entrevista con <strong>DIARIO IMAGEN<\/strong>, Dolores Heredia coment\u00f3: \u201ces un texto tierno, terrible, irritante y que al final la relaci\u00f3n con el otro personaje se van juntando, se van uniendo, complementando una con la otra, se van rebotando. Es sumamente teatral, es sumamente interesante, porque el espectador est\u00e1 viendo el juego de dos actrices en un espacio chiquito, porque el escenario est\u00e1 dise\u00f1ado para que sea una situaci\u00f3n muy \u00edntima y se aprecie todo lo que ocurre\u201d.<\/p>\n<p>Recalc\u00f3 que los personajes \u201csiempre est\u00e1n chocando, es muy interesante, porque cuando se supone que una es la maestra y la otra la alumna, habr\u00e1 momentos en que los roles se intercambian, demostrando que puedes ser analfabeta, pero siempre tienes algo que ense\u00f1ar tambi\u00e9n, intercambiar ideas\u201d.<\/p>\n<p>Indic\u00f3 que cualquiera puede ser una analfabeta independientemente si sabes leer o escribir. \u201cPodemos ser analfabetas en much\u00edsimos sentidos, porque de pronto no sabemos ni sentir o expresar lo que queremos por mas palabras que tengas en tu vocabulario, no sabemos bien decir que es lo que nos pasa dentro\u201c.<\/p>\n<p>\u201cLas analfabetas\u201d se estrena este 3 de junio en La Teatrer\u00eda de la colonia Roma, donde permanecer\u00e1 con una temporada de 32 funciones hasta el pr\u00f3ximo 17 de julio.<\/p>\n","protected":false},"excerpt":{"rendered":"<p>\u201cLas anafabetas\u201d es una puesta en escena, pluma del dramaturgo y poeta chileno Pablo Paredes, quien ya triunf\u00f3 en su natal pa\u00eds, incluso teniendo una versi\u00f3n en cine de su obra. Ahora \u201cLas analfabetas\u201d llegar\u00e1 a M\u00e9xico y ser\u00e1 protagonizada por Dolores Heredia y Gabriela de la Garza, bajo la direcci\u00f3n de Paulina Garc\u00eda, quienes har\u00e1n lo suyo a partir del 3 de junio y hasta el 17 de julio, en La Teatrer\u00eda, de la colonia Roma.<\/p>\n","protected":false},"author":5,"featured_media":270465,"comment_status":"open","ping_status":"open","sticky":false,"template":"","format":"standard","meta":{"_monsterinsights_skip_tracking":false,"_monsterinsights_sitenote_active":false,"_monsterinsights_sitenote_note":"","_monsterinsights_sitenote_category":0,"footnotes":""},"categories":[17,12],"tags":[122,43682,48658],"class_list":["post-270463","post","type-post","status-publish","format-standard","has-post-thumbnail","hentry","category-especiales","category-espectaculos","tag-chile","tag-espectaculos","tag-la-teatreria"],"_links":{"self":[{"href":"https:\/\/www.diarioimagen.net\/index.php?rest_route=\/wp\/v2\/posts\/270463","targetHints":{"allow":["GET"]}}],"collection":[{"href":"https:\/\/www.diarioimagen.net\/index.php?rest_route=\/wp\/v2\/posts"}],"about":[{"href":"https:\/\/www.diarioimagen.net\/index.php?rest_route=\/wp\/v2\/types\/post"}],"author":[{"embeddable":true,"href":"https:\/\/www.diarioimagen.net\/index.php?rest_route=\/wp\/v2\/users\/5"}],"replies":[{"embeddable":true,"href":"https:\/\/www.diarioimagen.net\/index.php?rest_route=%2Fwp%2Fv2%2Fcomments&post=270463"}],"version-history":[{"count":0,"href":"https:\/\/www.diarioimagen.net\/index.php?rest_route=\/wp\/v2\/posts\/270463\/revisions"}],"wp:featuredmedia":[{"embeddable":true,"href":"https:\/\/www.diarioimagen.net\/index.php?rest_route=\/wp\/v2\/media\/270465"}],"wp:attachment":[{"href":"https:\/\/www.diarioimagen.net\/index.php?rest_route=%2Fwp%2Fv2%2Fmedia&parent=270463"}],"wp:term":[{"taxonomy":"category","embeddable":true,"href":"https:\/\/www.diarioimagen.net\/index.php?rest_route=%2Fwp%2Fv2%2Fcategories&post=270463"},{"taxonomy":"post_tag","embeddable":true,"href":"https:\/\/www.diarioimagen.net\/index.php?rest_route=%2Fwp%2Fv2%2Ftags&post=270463"}],"curies":[{"name":"wp","href":"https:\/\/api.w.org\/{rel}","templated":true}]}}