{"id":270494,"date":"2016-05-23T00:08:48","date_gmt":"2016-05-23T05:08:48","guid":{"rendered":"http:\/\/www.diarioimagen.net\/?p=270494"},"modified":"2016-05-23T02:46:06","modified_gmt":"2016-05-23T07:46:06","slug":"sin-incidentes-evaluacion-de-3-mil-maestros","status":"publish","type":"post","link":"https:\/\/www.diarioimagen.net\/?p=270494","title":{"rendered":"Sin incidentes, evaluaci\u00f3n de 3 mil maestros"},"content":{"rendered":"<ul>\n<li><strong><em>Para ingreso y promoci\u00f3n en educaci\u00f3n media superior<\/em><\/strong><\/li>\n<\/ul>\n<p>&nbsp;<\/p>\n<div id=\"attachment_270603\" style=\"width: 430px\" class=\"wp-caption aligncenter\"><a href=\"http:\/\/www.diarioimagen.net\/?attachment_id=270603\" rel=\"attachment wp-att-270603\"><img loading=\"lazy\" decoding=\"async\" aria-describedby=\"caption-attachment-270603\" class=\"size-large wp-image-270603\" src=\"http:\/\/www.diarioimagen.net\/wp-content\/uploads\/2016\/05\/evaluacion-2872-420x236.jpg\" alt=\"Con esta evaluaci\u00f3n se pretende garantizar la idoneidad de los conocimientos as\u00ed como de las capacidades de los docentes, directores y supervisores de la Educaci\u00f3n Media Superior.\" width=\"420\" height=\"236\" srcset=\"https:\/\/www.diarioimagen.net\/wp-content\/uploads\/2016\/05\/evaluacion-2872-420x236.jpg 420w, https:\/\/www.diarioimagen.net\/wp-content\/uploads\/2016\/05\/evaluacion-2872-240x135.jpg 240w, https:\/\/www.diarioimagen.net\/wp-content\/uploads\/2016\/05\/evaluacion-2872-768x432.jpg 768w, https:\/\/www.diarioimagen.net\/wp-content\/uploads\/2016\/05\/evaluacion-2872-480x270.jpg 480w, https:\/\/www.diarioimagen.net\/wp-content\/uploads\/2016\/05\/evaluacion-2872-235x132.jpg 235w, https:\/\/www.diarioimagen.net\/wp-content\/uploads\/2016\/05\/evaluacion-2872-202x114.jpg 202w, https:\/\/www.diarioimagen.net\/wp-content\/uploads\/2016\/05\/evaluacion-2872-350x196.jpg 350w, https:\/\/www.diarioimagen.net\/wp-content\/uploads\/2016\/05\/evaluacion-2872-220x123.jpg 220w, https:\/\/www.diarioimagen.net\/wp-content\/uploads\/2016\/05\/evaluacion-2872-237x132.jpg 237w, https:\/\/www.diarioimagen.net\/wp-content\/uploads\/2016\/05\/evaluacion-2872.jpg 960w\" sizes=\"auto, (max-width: 420px) 100vw, 420px\" \/><\/a><p id=\"caption-attachment-270603\" class=\"wp-caption-text\">Con esta evaluaci\u00f3n se pretende garantizar la idoneidad de los conocimientos as\u00ed como de las capacidades de los docentes, directores y supervisores de la Educaci\u00f3n Media Superior.<\/p><\/div>\n<p>&nbsp;<\/p>\n<p><strong>Toluca, Estado de M\u00e9xico<\/strong>.- En un ambiente de tranquilidad, sin incidentes y con todas las facilidades para su buen desempe\u00f1o, alrededor de 3 mil maestras y maestros mexiquenses presentaron sus ex\u00e1menes para el ingreso como docentes o para la promoci\u00f3n a categor\u00edas con funciones de direcci\u00f3n, supervisi\u00f3n y asesor\u00eda t\u00e9cnica pedag\u00f3gica, ambos en educaci\u00f3n media superior, para el ciclo escolar 2016-2017.<\/p>\n<p>La Coordinaci\u00f3n Nacional del Servicio Profesional Docente de la Secretar\u00eda de Educaci\u00f3n P\u00fablica (SEP), a trav\u00e9s de la Coordinaci\u00f3n Estatal del Servicio Profesional Docente (CESPD), llev\u00f3 a cabo los concursos de oposici\u00f3n respectivos, en 50 sedes distribuidas en todo el territorio estatal.<\/p>\n<p>Encabezado por el secretario de Educaci\u00f3n, Sim\u00f3n Iv\u00e1n Villar Mart\u00ednez, un grupo de servidores p\u00fablicos de las diversas instancias participantes se mantuvo atento al desarrollo de todo el proceso, en el que intervinieron tambi\u00e9n el Instituto Nacional para la Evaluaci\u00f3n de la Educaci\u00f3n, INEE, el Consejo Nacional para la Evaluaci\u00f3n de la Educaci\u00f3n Superior, Coneval, la delegaci\u00f3n federal de la SEP y diversas \u00e1reas de la Seduc.<\/p>\n<p>Poco m\u00e1s de 2 mil 600 sustentantes concursaron para ingresar como docentes y ocupar 10 mil 86 horas\/semana\/mes definitivas y 5 mil 825 horas\/semana\/mes temporales, mediante tres ex\u00e1menes a lo largo del d\u00eda, para evaluar sus habilidades docentes, competencias profesionales y su conocimiento de los contenidos disciplinares del nivel educativo.<\/p>\n","protected":false},"excerpt":{"rendered":"<p>En un ambiente de tranquilidad, sin incidentes y con todas las facilidades para su buen desempe\u00f1o, alrededor de 3 mil maestras y maestros mexiquenses presentaron sus ex\u00e1menes para el ingreso como docentes o para la promoci\u00f3n a categor\u00edas con funciones de direcci\u00f3n, supervisi\u00f3n y asesor\u00eda t\u00e9cnica pedag\u00f3gica, ambos en educaci\u00f3n media superior, para el ciclo escolar 2016-2017.<\/p>\n","protected":false},"author":3,"featured_media":270603,"comment_status":"open","ping_status":"open","sticky":false,"template":"","format":"standard","meta":{"_monsterinsights_skip_tracking":false,"_monsterinsights_sitenote_active":false,"_monsterinsights_sitenote_note":"","_monsterinsights_sitenote_category":0,"footnotes":""},"categories":[5],"tags":[43675,46280,25687,452],"class_list":["post-270494","post","type-post","status-publish","format-standard","has-post-thumbnail","hentry","category-estado-de-mexico","tag-estado-de-mexico","tag-evaluacion-docente","tag-reforma-educativa","tag-toluca"],"_links":{"self":[{"href":"https:\/\/www.diarioimagen.net\/index.php?rest_route=\/wp\/v2\/posts\/270494","targetHints":{"allow":["GET"]}}],"collection":[{"href":"https:\/\/www.diarioimagen.net\/index.php?rest_route=\/wp\/v2\/posts"}],"about":[{"href":"https:\/\/www.diarioimagen.net\/index.php?rest_route=\/wp\/v2\/types\/post"}],"author":[{"embeddable":true,"href":"https:\/\/www.diarioimagen.net\/index.php?rest_route=\/wp\/v2\/users\/3"}],"replies":[{"embeddable":true,"href":"https:\/\/www.diarioimagen.net\/index.php?rest_route=%2Fwp%2Fv2%2Fcomments&post=270494"}],"version-history":[{"count":0,"href":"https:\/\/www.diarioimagen.net\/index.php?rest_route=\/wp\/v2\/posts\/270494\/revisions"}],"wp:featuredmedia":[{"embeddable":true,"href":"https:\/\/www.diarioimagen.net\/index.php?rest_route=\/wp\/v2\/media\/270603"}],"wp:attachment":[{"href":"https:\/\/www.diarioimagen.net\/index.php?rest_route=%2Fwp%2Fv2%2Fmedia&parent=270494"}],"wp:term":[{"taxonomy":"category","embeddable":true,"href":"https:\/\/www.diarioimagen.net\/index.php?rest_route=%2Fwp%2Fv2%2Fcategories&post=270494"},{"taxonomy":"post_tag","embeddable":true,"href":"https:\/\/www.diarioimagen.net\/index.php?rest_route=%2Fwp%2Fv2%2Ftags&post=270494"}],"curies":[{"name":"wp","href":"https:\/\/api.w.org\/{rel}","templated":true}]}}