{"id":270500,"date":"2016-05-23T00:05:55","date_gmt":"2016-05-23T05:05:55","guid":{"rendered":"http:\/\/www.diarioimagen.net\/?p=270500"},"modified":"2016-05-23T02:39:42","modified_gmt":"2016-05-23T07:39:42","slug":"gobierno-atizapense-celebra-a-profesores","status":"publish","type":"post","link":"https:\/\/www.diarioimagen.net\/?p=270500","title":{"rendered":"Gobierno atizapense celebra a profesores"},"content":{"rendered":"<ul>\n<li><strong><em>Reconoce su labor<\/em><\/strong><\/li>\n<\/ul>\n<p>&nbsp;<\/p>\n<div id=\"attachment_270599\" style=\"width: 430px\" class=\"wp-caption aligncenter\"><a href=\"http:\/\/www.diarioimagen.net\/?attachment_id=270599\" rel=\"attachment wp-att-270599\"><img loading=\"lazy\" decoding=\"async\" aria-describedby=\"caption-attachment-270599\" class=\"size-large wp-image-270599\" src=\"http:\/\/www.diarioimagen.net\/wp-content\/uploads\/2016\/05\/ATIZAPAN-2872-420x236.jpg\" alt=\"La alcaldesa Ana Balderas Trejo encabez\u00f3 los d\u00edas 19 y 20 mayo\u00a0la celebraci\u00f3n con motivo del D\u00eda del Maestro.\" width=\"420\" height=\"236\" srcset=\"https:\/\/www.diarioimagen.net\/wp-content\/uploads\/2016\/05\/ATIZAPAN-2872-420x236.jpg 420w, https:\/\/www.diarioimagen.net\/wp-content\/uploads\/2016\/05\/ATIZAPAN-2872-240x135.jpg 240w, https:\/\/www.diarioimagen.net\/wp-content\/uploads\/2016\/05\/ATIZAPAN-2872-480x270.jpg 480w, https:\/\/www.diarioimagen.net\/wp-content\/uploads\/2016\/05\/ATIZAPAN-2872-235x132.jpg 235w, https:\/\/www.diarioimagen.net\/wp-content\/uploads\/2016\/05\/ATIZAPAN-2872-202x114.jpg 202w, https:\/\/www.diarioimagen.net\/wp-content\/uploads\/2016\/05\/ATIZAPAN-2872-350x196.jpg 350w, https:\/\/www.diarioimagen.net\/wp-content\/uploads\/2016\/05\/ATIZAPAN-2872-220x123.jpg 220w, https:\/\/www.diarioimagen.net\/wp-content\/uploads\/2016\/05\/ATIZAPAN-2872-237x132.jpg 237w, https:\/\/www.diarioimagen.net\/wp-content\/uploads\/2016\/05\/ATIZAPAN-2872.jpg 700w\" sizes=\"auto, (max-width: 420px) 100vw, 420px\" \/><\/a><p id=\"caption-attachment-270599\" class=\"wp-caption-text\">La alcaldesa Ana Balderas Trejo encabez\u00f3 los d\u00edas 19 y 20 mayo\u00a0la celebraci\u00f3n con motivo del D\u00eda del Maestro.<\/p><\/div>\n<p>&nbsp;<\/p>\n<p><strong>Atizap\u00e1n, Estado de M\u00e9xico<\/strong>.- Reconociendo el esfuerzo y dedicaci\u00f3n de todos los docentes por su ardua labor de formar integralmente a los alumnos del Sistema Educativo, la alcaldesa Ana Balderas Trejo, encabez\u00f3 los d\u00edas 19 y 20 mayo\u00a0 la celebraci\u00f3n con motivo del\u00a0 D\u00eda del Maestro.<\/p>\n<p>Acompa\u00f1ada de integrantes de la administraci\u00f3n local y los diputados federales Rom\u00e1n Cort\u00e9s e Ingrid Schemelensky, adem\u00e1s de la diputada local Nelyda Moci\u00f1os y el profesor Alberto \u00c1vila Hern\u00e1ndez, en representaci\u00f3n\u00a0de la subdirectora de\u00a0 Educaci\u00f3n B\u00e1sica de la Regi\u00f3n Naucalpan.<\/p>\n<p>En la celebraci\u00f3n ofrecida a 2,500 profesores por cada d\u00eda, provenientes de todo el territorio municipal, la alcaldesa reconoci\u00f3 el papel fundamental de los maestros para la preparaci\u00f3n de profesionistas; a\u00a0 los festejados, les extern\u00f3 su felicitaci\u00f3n \u201cpor su lucha esp\u00edritu y conciencia por despertar la capacidad y las conciencias dormidas de los estudiantes con la labor de docente\u201d.<\/p>\n<p>Agradeci\u00f3 la entrega que demuestran\u00a0 d\u00eda con d\u00eda al llevar y conducir a los peque\u00f1os con paciencia y el esfuerzo que dedican todos los d\u00edas para forjarlos y ser mejores ciudadanos. La mun\u00edcipe se\u00f1al\u00f3 que el maestro no solamente es un educador, sino tambi\u00e9n suele ser un tutor, psic\u00f3logo y hasta enfermero, dedicando su tiempo con todo su coraz\u00f3n.<\/p>\n<p>&nbsp;<\/p>\n","protected":false},"excerpt":{"rendered":"<p>Reconociendo el esfuerzo y dedicaci\u00f3n de todos los docentes por su ardua labor de formar integralmente a los alumnos del Sistema Educativo, la alcaldesa Ana Balderas Trejo, encabez\u00f3 los d\u00edas 19 y 20 mayo  la celebraci\u00f3n con motivo del  D\u00eda del Maestro.<\/p>\n","protected":false},"author":3,"featured_media":270599,"comment_status":"open","ping_status":"open","sticky":false,"template":"","format":"standard","meta":{"_monsterinsights_skip_tracking":false,"_monsterinsights_sitenote_active":false,"_monsterinsights_sitenote_note":"","_monsterinsights_sitenote_category":0,"footnotes":""},"categories":[35155],"tags":[969,40123,6920,43675],"class_list":["post-270500","post","type-post","status-publish","format-standard","has-post-thumbnail","hentry","category-estado-de-mexico-estado-de-mexico","tag-atizapan","tag-celebra","tag-dia-del-maestro","tag-estado-de-mexico"],"_links":{"self":[{"href":"https:\/\/www.diarioimagen.net\/index.php?rest_route=\/wp\/v2\/posts\/270500","targetHints":{"allow":["GET"]}}],"collection":[{"href":"https:\/\/www.diarioimagen.net\/index.php?rest_route=\/wp\/v2\/posts"}],"about":[{"href":"https:\/\/www.diarioimagen.net\/index.php?rest_route=\/wp\/v2\/types\/post"}],"author":[{"embeddable":true,"href":"https:\/\/www.diarioimagen.net\/index.php?rest_route=\/wp\/v2\/users\/3"}],"replies":[{"embeddable":true,"href":"https:\/\/www.diarioimagen.net\/index.php?rest_route=%2Fwp%2Fv2%2Fcomments&post=270500"}],"version-history":[{"count":0,"href":"https:\/\/www.diarioimagen.net\/index.php?rest_route=\/wp\/v2\/posts\/270500\/revisions"}],"wp:featuredmedia":[{"embeddable":true,"href":"https:\/\/www.diarioimagen.net\/index.php?rest_route=\/wp\/v2\/media\/270599"}],"wp:attachment":[{"href":"https:\/\/www.diarioimagen.net\/index.php?rest_route=%2Fwp%2Fv2%2Fmedia&parent=270500"}],"wp:term":[{"taxonomy":"category","embeddable":true,"href":"https:\/\/www.diarioimagen.net\/index.php?rest_route=%2Fwp%2Fv2%2Fcategories&post=270500"},{"taxonomy":"post_tag","embeddable":true,"href":"https:\/\/www.diarioimagen.net\/index.php?rest_route=%2Fwp%2Fv2%2Ftags&post=270500"}],"curies":[{"name":"wp","href":"https:\/\/api.w.org\/{rel}","templated":true}]}}