{"id":270516,"date":"2016-05-23T00:01:55","date_gmt":"2016-05-23T05:01:55","guid":{"rendered":"http:\/\/www.diarioimagen.net\/?p=270516"},"modified":"2016-05-23T03:01:47","modified_gmt":"2016-05-23T08:01:47","slug":"comunidad-universitaria-coloco-a-uaem-como-una-de-las-10-mejores-del-pais-jorge-olvera","status":"publish","type":"post","link":"https:\/\/www.diarioimagen.net\/?p=270516","title":{"rendered":"Comunidad universitaria coloc\u00f3 a UAEM como una de las 10 mejores del pa\u00eds: Jorge Olvera"},"content":{"rendered":"<p><a href=\"http:\/\/www.diarioimagen.net\/?attachment_id=270627\" rel=\"attachment wp-att-270627\"><img loading=\"lazy\" decoding=\"async\" class=\"aligncenter size-large wp-image-270627\" src=\"http:\/\/www.diarioimagen.net\/wp-content\/uploads\/2016\/05\/UAEM-2872-420x236.jpg\" alt=\"UAEM-2872\" width=\"420\" height=\"236\" srcset=\"https:\/\/www.diarioimagen.net\/wp-content\/uploads\/2016\/05\/UAEM-2872-420x236.jpg 420w, https:\/\/www.diarioimagen.net\/wp-content\/uploads\/2016\/05\/UAEM-2872-240x135.jpg 240w, https:\/\/www.diarioimagen.net\/wp-content\/uploads\/2016\/05\/UAEM-2872-768x432.jpg 768w, https:\/\/www.diarioimagen.net\/wp-content\/uploads\/2016\/05\/UAEM-2872-480x270.jpg 480w, https:\/\/www.diarioimagen.net\/wp-content\/uploads\/2016\/05\/UAEM-2872-235x132.jpg 235w, https:\/\/www.diarioimagen.net\/wp-content\/uploads\/2016\/05\/UAEM-2872-202x114.jpg 202w, https:\/\/www.diarioimagen.net\/wp-content\/uploads\/2016\/05\/UAEM-2872-350x196.jpg 350w, https:\/\/www.diarioimagen.net\/wp-content\/uploads\/2016\/05\/UAEM-2872-220x123.jpg 220w, https:\/\/www.diarioimagen.net\/wp-content\/uploads\/2016\/05\/UAEM-2872-237x132.jpg 237w, https:\/\/www.diarioimagen.net\/wp-content\/uploads\/2016\/05\/UAEM-2872.jpg 1200w\" sizes=\"auto, (max-width: 420px) 100vw, 420px\" \/><\/a><\/p>\n<p>&nbsp;<\/p>\n<p>El esfuerzo y trabajo cotidiano de la comunidad universitaria en su conjunto han colocado a la Universidad Aut\u00f3noma del Estado de M\u00e9xico como una de las 10 mejores instituciones de educaci\u00f3n superior del pa\u00eds, entre p\u00fablicas y privadas, sostuvo el rector Jorge Olvera Garc\u00eda, al encabezar la XXXIV edici\u00f3n de la cena organizada por la Federaci\u00f3n de Asociaciones Aut\u00f3nomas de Personal Acad\u00e9mico de la UAEM (FAAPAUAEM) para conmemorar el D\u00eda del Maestro.<\/p>\n","protected":false},"excerpt":{"rendered":"<p>El esfuerzo y trabajo cotidiano de la comunidad universitaria en su conjunto han colocado a la Universidad Aut\u00f3noma del Estado de M\u00e9xico como una de las 10 mejores instituciones de educaci\u00f3n superior del pa\u00eds, entre p\u00fablicas y privadas, sostuvo el rector Jorge Olvera Garc\u00eda, al encabezar la XXXIV edici\u00f3n de la cena organizada por la Federaci\u00f3n de Asociaciones Aut\u00f3nomas de Personal Acad\u00e9mico de la UAEM (FAAPAUAEM) para conmemorar el D\u00eda del Maestro.<\/p>\n","protected":false},"author":3,"featured_media":270627,"comment_status":"open","ping_status":"open","sticky":false,"template":"","format":"standard","meta":{"_monsterinsights_skip_tracking":false,"_monsterinsights_sitenote_active":false,"_monsterinsights_sitenote_note":"","_monsterinsights_sitenote_category":0,"footnotes":""},"categories":[35155],"tags":[43675,27015,1490],"class_list":["post-270516","post","type-post","status-publish","format-standard","has-post-thumbnail","hentry","category-estado-de-mexico-estado-de-mexico","tag-estado-de-mexico","tag-jorge-olvera-garcia","tag-universidad-autonoma-del-estado-de-mexico"],"_links":{"self":[{"href":"https:\/\/www.diarioimagen.net\/index.php?rest_route=\/wp\/v2\/posts\/270516","targetHints":{"allow":["GET"]}}],"collection":[{"href":"https:\/\/www.diarioimagen.net\/index.php?rest_route=\/wp\/v2\/posts"}],"about":[{"href":"https:\/\/www.diarioimagen.net\/index.php?rest_route=\/wp\/v2\/types\/post"}],"author":[{"embeddable":true,"href":"https:\/\/www.diarioimagen.net\/index.php?rest_route=\/wp\/v2\/users\/3"}],"replies":[{"embeddable":true,"href":"https:\/\/www.diarioimagen.net\/index.php?rest_route=%2Fwp%2Fv2%2Fcomments&post=270516"}],"version-history":[{"count":0,"href":"https:\/\/www.diarioimagen.net\/index.php?rest_route=\/wp\/v2\/posts\/270516\/revisions"}],"wp:featuredmedia":[{"embeddable":true,"href":"https:\/\/www.diarioimagen.net\/index.php?rest_route=\/wp\/v2\/media\/270627"}],"wp:attachment":[{"href":"https:\/\/www.diarioimagen.net\/index.php?rest_route=%2Fwp%2Fv2%2Fmedia&parent=270516"}],"wp:term":[{"taxonomy":"category","embeddable":true,"href":"https:\/\/www.diarioimagen.net\/index.php?rest_route=%2Fwp%2Fv2%2Fcategories&post=270516"},{"taxonomy":"post_tag","embeddable":true,"href":"https:\/\/www.diarioimagen.net\/index.php?rest_route=%2Fwp%2Fv2%2Ftags&post=270516"}],"curies":[{"name":"wp","href":"https:\/\/api.w.org\/{rel}","templated":true}]}}