{"id":270520,"date":"2016-05-23T00:03:50","date_gmt":"2016-05-23T05:03:50","guid":{"rendered":"http:\/\/www.diarioimagen.net\/?p=270520"},"modified":"2016-05-23T22:01:43","modified_gmt":"2016-05-24T03:01:43","slug":"inversion-la-unica-forma-para-empleos-mejor-pagados","status":"publish","type":"post","link":"https:\/\/www.diarioimagen.net\/?p=270520","title":{"rendered":"Inversi\u00f3n, la \u00fanica forma para empleos mejor pagados"},"content":{"rendered":"<ul>\n<li><strong><em>Sostiene CEESP<\/em><\/strong><\/li>\n<\/ul>\n<p>&nbsp;<\/p>\n<p><a href=\"http:\/\/www.diarioimagen.net\/?attachment_id=270641\" rel=\"attachment wp-att-270641\"><img loading=\"lazy\" decoding=\"async\" class=\"aligncenter size-large wp-image-270641\" src=\"http:\/\/www.diarioimagen.net\/wp-content\/uploads\/2016\/05\/ceesp-2872-420x236.jpg\" alt=\"ceesp-2872\" width=\"420\" height=\"236\" srcset=\"https:\/\/www.diarioimagen.net\/wp-content\/uploads\/2016\/05\/ceesp-2872-420x236.jpg 420w, https:\/\/www.diarioimagen.net\/wp-content\/uploads\/2016\/05\/ceesp-2872-240x135.jpg 240w, https:\/\/www.diarioimagen.net\/wp-content\/uploads\/2016\/05\/ceesp-2872-235x132.jpg 235w, https:\/\/www.diarioimagen.net\/wp-content\/uploads\/2016\/05\/ceesp-2872-202x114.jpg 202w, https:\/\/www.diarioimagen.net\/wp-content\/uploads\/2016\/05\/ceesp-2872-350x196.jpg 350w, https:\/\/www.diarioimagen.net\/wp-content\/uploads\/2016\/05\/ceesp-2872-220x123.jpg 220w, https:\/\/www.diarioimagen.net\/wp-content\/uploads\/2016\/05\/ceesp-2872-237x132.jpg 237w, https:\/\/www.diarioimagen.net\/wp-content\/uploads\/2016\/05\/ceesp-2872.jpg 480w\" sizes=\"auto, (max-width: 420px) 100vw, 420px\" \/><\/a><\/p>\n<p>&nbsp;<\/p>\n<p>La inversi\u00f3n es la principal fuente de generaci\u00f3n de empleos de calidad y la mejor forma de reducir la pobreza, sostuvo el Centro de Estudios Econ\u00f3micos del Sector Privado (CEESP).<\/p>\n<p>En su publicaci\u00f3n semanal \u201cAn\u00e1lisis econ\u00f3mico ejecutivo\u201d, destaca que el aumento de la poblaci\u00f3n ocupada en el pa\u00eds ha incidido positivamente en el dinamismo que mantiene el consumo desde el a\u00f1o pasado.<\/p>\n<p>Sin embargo, precisa, no s\u00f3lo es indispensable ampliar la ocupaci\u00f3n, sino mejorar sus condiciones laborales de tal manera que haya m\u00e1s puestos de trabajo mejor remunerados, lo que s\u00f3lo se puede lograr con importantes incrementos en la inversi\u00f3n y en la productividad.<\/p>\n<p>Considera que la evoluci\u00f3n del n\u00famero de registros del IMSS no es un buen indicador de la evoluci\u00f3n real de la ocupaci\u00f3n ni de las necesidades del pa\u00eds en materia de empleo, como plantean algunas opiniones, para afirmar que las condiciones del mercado laboral han mejorado significativamente.<\/p>\n<p>Expuso que en los \u00faltimos tres a\u00f1os, las cifras indican que el n\u00famero de registros al IMSS ha mantenido un ritmo de crecimiento superior al de la econom\u00eda, cuando en a\u00f1os anteriores la evoluci\u00f3n de estas dos variables era muy parecida.<\/p>\n<p>Seg\u00fan cifras oficiales, refiere, de 2000 a 2012, tanto la tasa promedio de crecimiento de los registros de trabajadores afiliados al IMSS como del PIB fue de 2.4 por ciento, mientras que en el lapso del 2013 al primer trimestre de 2016, las tasas de crecimiento promedio fueron de 3.7 y 2.1 por ciento, respectivamente.<\/p>\n<p>Estima que este at\u00edpico comportamiento responde en buena medida al efecto del Programa de Formalizaci\u00f3n del Empleo que inici\u00f3 en 2013, con lo cual no todos estos registros corresponden a nuevos puestos de trabajo, pues buena parte de ellos integra a trabajadores que ya estaban ocupados y que simplemente se incluyeron en los registros de seguridad social.<\/p>\n<p>Refiere que las cifras de la encuesta nacional de ocupaci\u00f3n y empleo (ENOE) del INEGI, indican que del primer trimestre de 2015 al mismo lapso del presente a\u00f1o, el total de ocupados en el pa\u00eds que cuentan con acceso a seguridad social aument\u00f3 en 361 mil personas.<\/p>\n<p>En tanto, las cifras del IMSS reportan en el mismo periodo un aumento de 617 mil registros, lo cual puede dar una idea de los que realmente fueron nuevos puestos de trabajo y cuantas personas que ya estaban ocupadas solo se registraron en seguridad social.<\/p>\n<p>El organismo de investigaci\u00f3n y an\u00e1lisis del sector privado sostuvo que las necesidades del pa\u00eds van m\u00e1s all\u00e1 de reducir al m\u00e1ximo el n\u00famero de desempleados, que al cierre del primer trimestre de 2016 sumaron dos millones 140 mil 20 personas, 61 mil 758 menos que un a\u00f1o antes.<\/p>\n","protected":false},"excerpt":{"rendered":"<p>La inversi\u00f3n es la principal fuente de generaci\u00f3n de empleos de calidad y la mejor forma de reducir la pobreza, sostuvo el Centro de Estudios Econ\u00f3micos del Sector Privado (CEESP). En su publicaci\u00f3n semanal \u201cAn\u00e1lisis econ\u00f3mico ejecutivo\u201d, destaca que el aumento de la poblaci\u00f3n ocupada en el pa\u00eds ha incidido positivamente en el dinamismo que mantiene el consumo desde el a\u00f1o pasado.<\/p>\n","protected":false},"author":3,"featured_media":270641,"comment_status":"open","ping_status":"open","sticky":false,"template":"","format":"standard","meta":{"_monsterinsights_skip_tracking":false,"_monsterinsights_sitenote_active":false,"_monsterinsights_sitenote_note":"","_monsterinsights_sitenote_category":0,"footnotes":""},"categories":[8],"tags":[1274,43678,5247,43673],"class_list":["post-270520","post","type-post","status-publish","format-standard","has-post-thumbnail","hentry","category-finanzas","tag-ceesp","tag-finanzas","tag-inversion","tag-nacional"],"_links":{"self":[{"href":"https:\/\/www.diarioimagen.net\/index.php?rest_route=\/wp\/v2\/posts\/270520","targetHints":{"allow":["GET"]}}],"collection":[{"href":"https:\/\/www.diarioimagen.net\/index.php?rest_route=\/wp\/v2\/posts"}],"about":[{"href":"https:\/\/www.diarioimagen.net\/index.php?rest_route=\/wp\/v2\/types\/post"}],"author":[{"embeddable":true,"href":"https:\/\/www.diarioimagen.net\/index.php?rest_route=\/wp\/v2\/users\/3"}],"replies":[{"embeddable":true,"href":"https:\/\/www.diarioimagen.net\/index.php?rest_route=%2Fwp%2Fv2%2Fcomments&post=270520"}],"version-history":[{"count":0,"href":"https:\/\/www.diarioimagen.net\/index.php?rest_route=\/wp\/v2\/posts\/270520\/revisions"}],"wp:featuredmedia":[{"embeddable":true,"href":"https:\/\/www.diarioimagen.net\/index.php?rest_route=\/wp\/v2\/media\/270641"}],"wp:attachment":[{"href":"https:\/\/www.diarioimagen.net\/index.php?rest_route=%2Fwp%2Fv2%2Fmedia&parent=270520"}],"wp:term":[{"taxonomy":"category","embeddable":true,"href":"https:\/\/www.diarioimagen.net\/index.php?rest_route=%2Fwp%2Fv2%2Fcategories&post=270520"},{"taxonomy":"post_tag","embeddable":true,"href":"https:\/\/www.diarioimagen.net\/index.php?rest_route=%2Fwp%2Fv2%2Ftags&post=270520"}],"curies":[{"name":"wp","href":"https:\/\/api.w.org\/{rel}","templated":true}]}}