{"id":270524,"date":"2016-05-23T00:09:35","date_gmt":"2016-05-23T05:09:35","guid":{"rendered":"http:\/\/www.diarioimagen.net\/?p=270524"},"modified":"2016-05-23T22:01:00","modified_gmt":"2016-05-24T03:01:00","slug":"area-metropolitana-ozono-y-extrema-radiacion-solar","status":"publish","type":"post","link":"https:\/\/www.diarioimagen.net\/?p=270524","title":{"rendered":"\u00c1rea Metropolitana: ozono y extrema radiaci\u00f3n solar"},"content":{"rendered":"<ul>\n<li><strong><em>Otra vez a 2 puntos de la contingencia<\/em><\/strong><\/li>\n<\/ul>\n<p>&nbsp;<\/p>\n<div id=\"attachment_270658\" style=\"width: 430px\" class=\"wp-caption aligncenter\"><a href=\"http:\/\/www.diarioimagen.net\/?attachment_id=270658\" rel=\"attachment wp-att-270658\"><img loading=\"lazy\" decoding=\"async\" aria-describedby=\"caption-attachment-270658\" class=\"size-large wp-image-270658\" src=\"http:\/\/www.diarioimagen.net\/wp-content\/uploads\/2016\/05\/CONTINGENCIA-2872-420x236.jpg\" alt=\"Ante las altas temperaturas que se registran, el Metro puso en operaci\u00f3n 20 hidroventiladores port\u00e1tiles en 10 estaciones m\u00e1s.\" width=\"420\" height=\"236\" srcset=\"https:\/\/www.diarioimagen.net\/wp-content\/uploads\/2016\/05\/CONTINGENCIA-2872-420x236.jpg 420w, https:\/\/www.diarioimagen.net\/wp-content\/uploads\/2016\/05\/CONTINGENCIA-2872-240x135.jpg 240w, https:\/\/www.diarioimagen.net\/wp-content\/uploads\/2016\/05\/CONTINGENCIA-2872-235x132.jpg 235w, https:\/\/www.diarioimagen.net\/wp-content\/uploads\/2016\/05\/CONTINGENCIA-2872-202x114.jpg 202w, https:\/\/www.diarioimagen.net\/wp-content\/uploads\/2016\/05\/CONTINGENCIA-2872-350x196.jpg 350w, https:\/\/www.diarioimagen.net\/wp-content\/uploads\/2016\/05\/CONTINGENCIA-2872-220x123.jpg 220w, https:\/\/www.diarioimagen.net\/wp-content\/uploads\/2016\/05\/CONTINGENCIA-2872-237x132.jpg 237w, https:\/\/www.diarioimagen.net\/wp-content\/uploads\/2016\/05\/CONTINGENCIA-2872.jpg 480w\" sizes=\"auto, (max-width: 420px) 100vw, 420px\" \/><\/a><p id=\"caption-attachment-270658\" class=\"wp-caption-text\">Ante las altas temperaturas que se registran, el Metro puso en operaci\u00f3n 20 hidroventiladores port\u00e1tiles en 10 estaciones m\u00e1s.<\/p><\/div>\n<p>&nbsp;<\/p>\n<p>La contaminaci\u00f3n por ozono alcanz\u00f3 las 148 unidades en la delegaci\u00f3n \u00c1lvaro Obreg\u00f3n, por lo que se estuvo a s\u00f3lo dos puntos de la Fase I de Contingencia Ambiental en la Zona Metropolitana del Valle de M\u00e9xico.<\/p>\n<p>La Direcci\u00f3n de Monitoreo Atmosf\u00e9rico inform\u00f3 que a las 17:00 horas la zona suroeste era la m\u00e1s afectada al registrar dichos puntos de ese contaminante, le siguieron la centro, con 138; sureste, con 115; noroeste, con 112, y noreste, con 105 puntos en el \u00cdndice Metropolitano de la Calidad del Aire (IMECA).<\/p>\n<p>Antes estos niveles de contaminaci\u00f3n la calidad del aire se considera mala en el Valle de M\u00e9xico, por lo que es recomendable que las personas con enfermedades respiratorias y cardiovasculares limiten actividades y que ni\u00f1os y adultos mayores eviten el esfuerzo prolongado al aire libre.<\/p>\n<p style=\"text-align: center;\"><strong>Radiaci\u00f3n solar \u201cextremadamente alta\u201d<\/strong><\/p>\n<p>Tambi\u00e9n el nivel de radiaci\u00f3n solar se elev\u00f3 hasta los 11 puntos, por lo que se exhort\u00f3 a la poblaci\u00f3n a vestir ropa de algod\u00f3n de manga larga, sombrero y gafas con filtro ultravioleta, as\u00ed como permanecer el mayor tiempo posible en interiores.<\/p>\n<p style=\"text-align: center;\"><strong>Instalan m\u00e1s ventiladores con brisa de agua en el Metro<\/strong><\/p>\n<p>Para ofrecer condiciones de frescura y confort a los usuarios del Metro, ante las altas temperaturas que se registran, el Sistema de Transportes Colectivo (STC) inform\u00f3 que se puso en operaci\u00f3n 20 hidroventiladores port\u00e1tiles en 10 estaciones m\u00e1s.<\/p>\n<p>Refiri\u00f3 que estos nuevos ventiladores que arrojan con aspersores brisas de agua para refrescar a los usuarios, est\u00e1n distribuidos en los pasillos de las estaciones de correspondencia, como son Balderas, Centro M\u00e9dico, Bellas Artes, Hidalgo, Tacubaya, Garibaldi-Lagunilla, Salto del Agua, as\u00ed como en Z\u00f3calo, Tacuba y Auditorio.<\/p>\n<p>Agreg\u00f3 que los nuevos hidroventiladores se suman a los 78 que ya est\u00e1n instalados de manera fija en toda la red.<\/p>\n<p>Refiri\u00f3 que el sistema de nebulizaci\u00f3n y aspersi\u00f3n de agua potable de estos aparatos genera un ambiente de frescura en beneficio de los pasajeros.<\/p>\n<p>&nbsp;<\/p>\n","protected":false},"excerpt":{"rendered":"<p>La contaminaci\u00f3n por ozono alcanz\u00f3 las 148 unidades en la delegaci\u00f3n \u00c1lvaro Obreg\u00f3n, por lo que se estuvo a s\u00f3lo dos puntos de la Fase I de Contingencia Ambiental en la Zona Metropolitana del Valle de M\u00e9xico.<\/p>\n","protected":false},"author":3,"featured_media":270658,"comment_status":"open","ping_status":"open","sticky":false,"template":"","format":"standard","meta":{"_monsterinsights_skip_tracking":false,"_monsterinsights_sitenote_active":false,"_monsterinsights_sitenote_note":"","_monsterinsights_sitenote_category":0,"footnotes":""},"categories":[6],"tags":[18114,6377,43673,49074],"class_list":["post-270524","post","type-post","status-publish","format-standard","has-post-thumbnail","hentry","category-cd-de-mexico","tag-ciuidad-de-mexico","tag-imeca","tag-nacional","tag-ozono"],"_links":{"self":[{"href":"https:\/\/www.diarioimagen.net\/index.php?rest_route=\/wp\/v2\/posts\/270524","targetHints":{"allow":["GET"]}}],"collection":[{"href":"https:\/\/www.diarioimagen.net\/index.php?rest_route=\/wp\/v2\/posts"}],"about":[{"href":"https:\/\/www.diarioimagen.net\/index.php?rest_route=\/wp\/v2\/types\/post"}],"author":[{"embeddable":true,"href":"https:\/\/www.diarioimagen.net\/index.php?rest_route=\/wp\/v2\/users\/3"}],"replies":[{"embeddable":true,"href":"https:\/\/www.diarioimagen.net\/index.php?rest_route=%2Fwp%2Fv2%2Fcomments&post=270524"}],"version-history":[{"count":0,"href":"https:\/\/www.diarioimagen.net\/index.php?rest_route=\/wp\/v2\/posts\/270524\/revisions"}],"wp:featuredmedia":[{"embeddable":true,"href":"https:\/\/www.diarioimagen.net\/index.php?rest_route=\/wp\/v2\/media\/270658"}],"wp:attachment":[{"href":"https:\/\/www.diarioimagen.net\/index.php?rest_route=%2Fwp%2Fv2%2Fmedia&parent=270524"}],"wp:term":[{"taxonomy":"category","embeddable":true,"href":"https:\/\/www.diarioimagen.net\/index.php?rest_route=%2Fwp%2Fv2%2Fcategories&post=270524"},{"taxonomy":"post_tag","embeddable":true,"href":"https:\/\/www.diarioimagen.net\/index.php?rest_route=%2Fwp%2Fv2%2Ftags&post=270524"}],"curies":[{"name":"wp","href":"https:\/\/api.w.org\/{rel}","templated":true}]}}