{"id":270732,"date":"2016-05-24T00:08:30","date_gmt":"2016-05-24T05:08:30","guid":{"rendered":"http:\/\/www.diarioimagen.net\/?p=270732"},"modified":"2016-05-24T22:54:12","modified_gmt":"2016-05-25T03:54:12","slug":"acuerdan-118-municipios-mexiquenses-mando-unico","status":"publish","type":"post","link":"https:\/\/www.diarioimagen.net\/?p=270732","title":{"rendered":"Acuerdan 118 municipios mexiquenses Mando \u00danico"},"content":{"rendered":"<ul>\n<li><strong><em>Exhorta Eruviel \u00c1vila al Senado a aprobar iniciativa de ley para crearlo a nivel federal<\/em><\/strong><\/li>\n<\/ul>\n<h6>Jos\u00e9 Luis Monta\u00f1ez<\/h6>\n<p>&nbsp;<\/p>\n<div id=\"attachment_270849\" style=\"width: 430px\" class=\"wp-caption aligncenter\"><a href=\"http:\/\/www.diarioimagen.net\/?attachment_id=270849\" rel=\"attachment wp-att-270849\"><img loading=\"lazy\" decoding=\"async\" aria-describedby=\"caption-attachment-270849\" class=\"size-large wp-image-270849\" src=\"http:\/\/www.diarioimagen.net\/wp-content\/uploads\/2016\/05\/eruviel-2873-420x236.jpg\" alt=\"En el patio central de Palacio de Gobierno, el gobernador Eruviel \u00c1vila atestigu\u00f3 la firma del convenio que signaron los alcaldes de 118 municipios mexiquenses.\" width=\"420\" height=\"236\" srcset=\"https:\/\/www.diarioimagen.net\/wp-content\/uploads\/2016\/05\/eruviel-2873-420x236.jpg 420w, https:\/\/www.diarioimagen.net\/wp-content\/uploads\/2016\/05\/eruviel-2873-240x135.jpg 240w, https:\/\/www.diarioimagen.net\/wp-content\/uploads\/2016\/05\/eruviel-2873-235x132.jpg 235w, https:\/\/www.diarioimagen.net\/wp-content\/uploads\/2016\/05\/eruviel-2873-202x114.jpg 202w, https:\/\/www.diarioimagen.net\/wp-content\/uploads\/2016\/05\/eruviel-2873-350x196.jpg 350w, https:\/\/www.diarioimagen.net\/wp-content\/uploads\/2016\/05\/eruviel-2873-220x123.jpg 220w, https:\/\/www.diarioimagen.net\/wp-content\/uploads\/2016\/05\/eruviel-2873-237x132.jpg 237w, https:\/\/www.diarioimagen.net\/wp-content\/uploads\/2016\/05\/eruviel-2873.jpg 480w\" sizes=\"auto, (max-width: 420px) 100vw, 420px\" \/><\/a><p id=\"caption-attachment-270849\" class=\"wp-caption-text\">En el patio central de Palacio de Gobierno, el gobernador Eruviel \u00c1vila atestigu\u00f3 la firma del convenio que signaron los alcaldes de 118 municipios mexiquenses.<\/p><\/div>\n<p>&nbsp;<\/p>\n<p><strong>Toluca, Estado de M\u00e9xico<\/strong>.- El gobernador Eruviel \u00c1vila Villegas hizo un exhorto al Senado de la Rep\u00fablica para aprobar la iniciativa de ley para crear el modelo de Mando \u00danico a nivel federal, estrategia de seguridad que contempla crear una polic\u00eda por entidad federativa, que permitir\u00eda tener corporaciones m\u00e1s fuertes para combatir a la delincuencia y actos de corrupci\u00f3n.<\/p>\n<p>Esto, durante la firma de convenio para crear el Mando \u00danico en 118 de los 125 municipios mexiquenses, que permitir\u00e1 establecer un solo modelo de operaci\u00f3n, hacer uso de tecnolog\u00edas de la informaci\u00f3n y comunicaci\u00f3n homologados,\u00a0 realizar y dise\u00f1ar operativos de forma coordinada, entre otros, acciones que estar\u00e1n bajo el liderazgo de la Comisi\u00f3n Estatal de Seguridad Ciudadana (CES).<\/p>\n<p>\u201cSiempre he dicho, es mejor tener 32 polic\u00edas estatales fuertes, s\u00f3lidas, robustas, bien capacitadas, bien pagadas, que m\u00e1s de 2 mil corporaciones municipales en la mayor\u00eda de los casos, no quiero generalizar, con debilidades muy serias y con retos que realmente deben poner en alerta a los municipios y a todo el pa\u00eds.<\/p>\n<p>\u201cAs\u00ed es que estoy confiado en que los se\u00f1ores senadores, gracias al di\u00e1logo que hemos generado con los gobernadores, con la instancia federal, habr\u00e1n de aprobar en pr\u00f3ximos d\u00edas, en pr\u00f3ximos meses, ojala no pase mucho, esta iniciativa\u201d, manifest\u00f3.<\/p>\n<p>En el patio central de Palacio de Gobierno, Eruviel \u00c1vila atestigu\u00f3 la firma del convenio que signaron los alcaldes \u00c1lvaro Carlos Avelar L\u00f3pez, de Amecameca, de extracci\u00f3n partidista de Encuentro Social; as\u00ed como Jos\u00e9 Eduardo Neri Rodr\u00edguez de Capulhuac, del PRD; Leticia Zepeda Mart\u00ednez, de Chapa de Mota, de la alianza PAN-PT; Denisse Ugalde Alegr\u00eda, de Tlalnepantla, del PRI, y Jos\u00e9 de Jes\u00fas Alfaro Rojas, de Otumba, del PT.<\/p>\n<p>Reconoci\u00f3 a los presidentes municipales que firmaron este convenio, ya que dijo, dejaron de lado los intereses partidistas para anteponer la seguridad de los mexiquenses, acci\u00f3n que demuestra la madurez, disposici\u00f3n y voluntad de sus administraciones, y se\u00f1al\u00f3 que ning\u00fan nivel de gobierno puede afrontar los retos en materia de seguridad de manera independiente, sino que es de manera coordinada la mejor forma de combatir la delincuencia.<\/p>\n<p>Asimismo, invit\u00f3 a los ayuntamientos mexiquenses que a\u00fan no forman parte del mando \u00fanico, a que se sumen a esta estrategia.<\/p>\n<p>\u201cSolos no podemos, ning\u00fan orden de gobierno puede darse el lujo de decir que s\u00f3lo ese orden puede afrontar los tantos retos y desaf\u00edos que tenemos en el pa\u00eds, como es el caso de la seguridad. La mejor forma de ofrecer mayor seguridad es a trav\u00e9s de la coordinaci\u00f3n interinstitucional, la unidad, la coordinaci\u00f3n, la confianza son base de una mejor polic\u00eda y de brindar m\u00e1s y mejor seguridad\u201d.<\/p>\n<p>El gobernador mexiquense indic\u00f3 que el mando \u00fanico permitir\u00e1 disminuir el \u00edndice de incidencia delictiva y los actos de corrupci\u00f3n en los servicios de seguridad p\u00fablica, aumentar la presencia policial en la entidad, fortalecer\u00e1 la capacidad institucional en esta materia a nivel local, entre otras acciones.<\/p>\n<p>Por su parte, el alcalde de Capulhuac, Jos\u00e9 Eduardo Neri, a nombre de los presidentes municipales que firmaron el convenio, afirm\u00f3 que ya que es el momento de dar una respuesta conjunta a una demanda que no distingue identidad partidista u orden de gobierno: contar con protecci\u00f3n y combatir a la delincuencia.<\/p>\n<p style=\"text-align: center;\"><strong>Fortalecimiento de acciones<\/strong><\/p>\n<p>El gobernador del Edomex destac\u00f3 tambi\u00e9n que la puesta en marcha del mando \u00fanico permite realizar operativos de manera coordinada, como los que se vienen desarrollado, entre ellos el Operativo Pegaso que previene delitos que se cometen a bordo de motocicletas y motonetas, principalmente el robo calificado y homicidio.<\/p>\n<p>Con esta estrategia, del 5 de abril al 14 de mayo, se han realizado 2 mil 266 operativos, se han revisado m\u00e1s de 27 mil 400 motos y m\u00e1s de 38 mil personas, dando como resultado mil 456 infracciones, mil 832 veh\u00edculos de este tipo han sido llevados a los dep\u00f3sitos y 118 han sido asegurados por estar vinculadas por la comisi\u00f3n de alg\u00fan delito.<\/p>\n<p>&nbsp;<\/p>\n","protected":false},"excerpt":{"rendered":"<p><span style=\"color: #005497;\">Jos\u00e9 Luis Monta\u00f1ez<\/span><br \/>\n<br \/>\nEl gobernador Eruviel \u00c1vila Villegas hizo un exhorto al Senado de la Rep\u00fablica para aprobar la iniciativa de ley para crear el modelo de Mando \u00danico a nivel federal, estrategia de seguridad que contempla crear una polic\u00eda por entidad federativa, que permitir\u00eda tener corporaciones m\u00e1s fuertes para combatir a la delincuencia y actos de corrupci\u00f3n.<\/p>\n","protected":false},"author":3,"featured_media":270849,"comment_status":"open","ping_status":"open","sticky":false,"template":"","format":"standard","meta":{"_monsterinsights_skip_tracking":false,"_monsterinsights_sitenote_active":false,"_monsterinsights_sitenote_note":"","_monsterinsights_sitenote_category":0,"footnotes":""},"categories":[5],"tags":[21533,24241,5828,43675,452],"class_list":["post-270732","post","type-post","status-publish","format-standard","has-post-thumbnail","hentry","category-estado-de-mexico","tag-combate","tag-delito","tag-eruviel-avila-villegas","tag-estado-de-mexico","tag-toluca"],"_links":{"self":[{"href":"https:\/\/www.diarioimagen.net\/index.php?rest_route=\/wp\/v2\/posts\/270732","targetHints":{"allow":["GET"]}}],"collection":[{"href":"https:\/\/www.diarioimagen.net\/index.php?rest_route=\/wp\/v2\/posts"}],"about":[{"href":"https:\/\/www.diarioimagen.net\/index.php?rest_route=\/wp\/v2\/types\/post"}],"author":[{"embeddable":true,"href":"https:\/\/www.diarioimagen.net\/index.php?rest_route=\/wp\/v2\/users\/3"}],"replies":[{"embeddable":true,"href":"https:\/\/www.diarioimagen.net\/index.php?rest_route=%2Fwp%2Fv2%2Fcomments&post=270732"}],"version-history":[{"count":0,"href":"https:\/\/www.diarioimagen.net\/index.php?rest_route=\/wp\/v2\/posts\/270732\/revisions"}],"wp:featuredmedia":[{"embeddable":true,"href":"https:\/\/www.diarioimagen.net\/index.php?rest_route=\/wp\/v2\/media\/270849"}],"wp:attachment":[{"href":"https:\/\/www.diarioimagen.net\/index.php?rest_route=%2Fwp%2Fv2%2Fmedia&parent=270732"}],"wp:term":[{"taxonomy":"category","embeddable":true,"href":"https:\/\/www.diarioimagen.net\/index.php?rest_route=%2Fwp%2Fv2%2Fcategories&post=270732"},{"taxonomy":"post_tag","embeddable":true,"href":"https:\/\/www.diarioimagen.net\/index.php?rest_route=%2Fwp%2Fv2%2Ftags&post=270732"}],"curies":[{"name":"wp","href":"https:\/\/api.w.org\/{rel}","templated":true}]}}