{"id":270744,"date":"2016-05-24T00:07:11","date_gmt":"2016-05-24T05:07:11","guid":{"rendered":"http:\/\/www.diarioimagen.net\/?p=270744"},"modified":"2016-05-24T22:54:06","modified_gmt":"2016-05-25T03:54:06","slug":"pena-nieto-destaca-baja-en-informalidad-laboral","status":"publish","type":"post","link":"https:\/\/www.diarioimagen.net\/?p=270744","title":{"rendered":"Pe\u00f1a Nieto destaca baja en informalidad laboral"},"content":{"rendered":"<ul>\n<li><strong><em>Llama a redoblar esfuerzos<\/em><\/strong><\/li>\n<\/ul>\n<p>&nbsp;<\/p>\n<div id=\"attachment_270857\" style=\"width: 430px\" class=\"wp-caption aligncenter\"><a href=\"http:\/\/www.diarioimagen.net\/?attachment_id=270857\" rel=\"attachment wp-att-270857\"><img loading=\"lazy\" decoding=\"async\" aria-describedby=\"caption-attachment-270857\" class=\"size-large wp-image-270857\" src=\"http:\/\/www.diarioimagen.net\/wp-content\/uploads\/2016\/05\/epn-2873-420x236.jpg\" alt=\"El presidente Enrique Pe\u00f1a Nieto llama a no bajar la guardia y a redoblar los esfuerzos contra la informalidad laboral.\" width=\"420\" height=\"236\" srcset=\"https:\/\/www.diarioimagen.net\/wp-content\/uploads\/2016\/05\/epn-2873-420x236.jpg 420w, https:\/\/www.diarioimagen.net\/wp-content\/uploads\/2016\/05\/epn-2873-240x135.jpg 240w, https:\/\/www.diarioimagen.net\/wp-content\/uploads\/2016\/05\/epn-2873-235x132.jpg 235w, https:\/\/www.diarioimagen.net\/wp-content\/uploads\/2016\/05\/epn-2873-202x114.jpg 202w, https:\/\/www.diarioimagen.net\/wp-content\/uploads\/2016\/05\/epn-2873-350x196.jpg 350w, https:\/\/www.diarioimagen.net\/wp-content\/uploads\/2016\/05\/epn-2873-220x123.jpg 220w, https:\/\/www.diarioimagen.net\/wp-content\/uploads\/2016\/05\/epn-2873-237x132.jpg 237w, https:\/\/www.diarioimagen.net\/wp-content\/uploads\/2016\/05\/epn-2873.jpg 480w\" sizes=\"auto, (max-width: 420px) 100vw, 420px\" \/><\/a><p id=\"caption-attachment-270857\" class=\"wp-caption-text\">El presidente Enrique Pe\u00f1a Nieto llama a no bajar la guardia y a redoblar los esfuerzos contra la informalidad laboral.<\/p><\/div>\n<p>&nbsp;<\/p>\n<p>Si bien hay logros importantes en el combate a la informalidad laboral, no se debe bajar la guardia y \u201cvamos a redoblar los esfuerzos hacia adelante\u201d con diferentes acciones, afirm\u00f3 el presidente Enrique Pe\u00f1a Nieto.<\/p>\n<p>Dio a conocer que de acuerdo con cifras del INEGI, en el primer trimestre de este a\u00f1o, la tasa de informalidad laboral se ubic\u00f3 en 57.4 por ciento de la poblaci\u00f3n ocupada, que \u201ces la tasa de informalidad m\u00e1s baja en la \u00faltima d\u00e9cada\u201d.<\/p>\n<p>Durante la firma de los Convenios para la Ejecuci\u00f3n de Acciones en Materia de Formalizaci\u00f3n del Empleo, el mandatario reconoci\u00f3 que \u201cla cifra sigue siendo alta\u201d, pues si bien hay entidades con tasas de formalidad mayores a 70 por ciento, hay otras que llegan a 80 por ciento en la informalidad.<\/p>\n<p>No obstante, destac\u00f3 que en los \u00faltimos tres a\u00f1os, a nivel estatal, la informalidad laboral se redujo en 22 de las 32 entidades federativas, y reconoci\u00f3 a los gobiernos de los estados por estos avances, al tiempo que expuso que 40 por ciento de los trabajadores que laboran en el sector formal, generan 76 or ciento del Producto Interno Bruto (PIB).<\/p>\n<p>Pe\u00f1a Nieto recalc\u00f3 que \u201cesto nos apura, nos compromete a un esfuerzo compartido, a reducir la informalidad y lograr que m\u00e1s trabajadores est\u00e9n plenamente formalizados dentro de su empleo\u201d, y para lograr este objetivo, el gobierno se traz\u00f3 cuatro vertientes para reducir al menos en un punto porcentual a nivel nacional, la tasa de informalidad laboral en este a\u00f1o y los subsecuentes, indic\u00f3.<\/p>\n<p>Estas cuatro acciones contemplan el impulso de las Zonas Econ\u00f3micas Especiales, cuyo decreto promulgar\u00e1 en los pr\u00f3ximos d\u00edas, y que se implementar\u00e1 en los estados con mayor tasa de informalidad.<\/p>\n<p>En el Patio de Honor de Palacio Nacional tambi\u00e9n destac\u00f3 el Programa de Reactivaci\u00f3n y Desarrollo Productivo de los Estados de Campeche y Tabasco, que se vieron afectados por la reducci\u00f3n de los precios del petr\u00f3leo.<\/p>\n<p>Ante trabajadores, representantes empresariales y gobernadores, mencion\u00f3 tambi\u00e9n el establecimiento de nuevos esquemas para la formalizaci\u00f3n de los jornaleros agr\u00edcolas, as\u00ed como los convenios que firmaron este d\u00eda diversas dependencias del gobierno federal, los gobiernos de los estados y el sector empresarial.<\/p>\n<p>El titular del Ejecutivo federal dijo que para los convenios que se firmaron ayer lunes, se tom\u00f3 en cuenta la experiencia de los instrumentos similares firmados en 2013, cuando se establecieron metas de reducci\u00f3n de la informalidad por entidad federativa.<\/p>\n","protected":false},"excerpt":{"rendered":"<p>Si bien hay logros importantes en el combate a la informalidad laboral, no se debe bajar la guardia y \u201cvamos a redoblar los esfuerzos hacia adelante\u201d con diferentes acciones, afirm\u00f3 el presidente Enrique Pe\u00f1a Nieto.<\/p>\n","protected":false},"author":3,"featured_media":270857,"comment_status":"open","ping_status":"open","sticky":false,"template":"","format":"standard","meta":{"_monsterinsights_skip_tracking":false,"_monsterinsights_sitenote_active":false,"_monsterinsights_sitenote_note":"","_monsterinsights_sitenote_category":0,"footnotes":""},"categories":[3],"tags":[19701,18,193,27303,43673],"class_list":["post-270744","post","type-post","status-publish","format-standard","has-post-thumbnail","hentry","category-nacional","tag-baja","tag-enrique-pena-nieto","tag-inegi","tag-informalidad","tag-nacional"],"_links":{"self":[{"href":"https:\/\/www.diarioimagen.net\/index.php?rest_route=\/wp\/v2\/posts\/270744","targetHints":{"allow":["GET"]}}],"collection":[{"href":"https:\/\/www.diarioimagen.net\/index.php?rest_route=\/wp\/v2\/posts"}],"about":[{"href":"https:\/\/www.diarioimagen.net\/index.php?rest_route=\/wp\/v2\/types\/post"}],"author":[{"embeddable":true,"href":"https:\/\/www.diarioimagen.net\/index.php?rest_route=\/wp\/v2\/users\/3"}],"replies":[{"embeddable":true,"href":"https:\/\/www.diarioimagen.net\/index.php?rest_route=%2Fwp%2Fv2%2Fcomments&post=270744"}],"version-history":[{"count":0,"href":"https:\/\/www.diarioimagen.net\/index.php?rest_route=\/wp\/v2\/posts\/270744\/revisions"}],"wp:featuredmedia":[{"embeddable":true,"href":"https:\/\/www.diarioimagen.net\/index.php?rest_route=\/wp\/v2\/media\/270857"}],"wp:attachment":[{"href":"https:\/\/www.diarioimagen.net\/index.php?rest_route=%2Fwp%2Fv2%2Fmedia&parent=270744"}],"wp:term":[{"taxonomy":"category","embeddable":true,"href":"https:\/\/www.diarioimagen.net\/index.php?rest_route=%2Fwp%2Fv2%2Fcategories&post=270744"},{"taxonomy":"post_tag","embeddable":true,"href":"https:\/\/www.diarioimagen.net\/index.php?rest_route=%2Fwp%2Fv2%2Ftags&post=270744"}],"curies":[{"name":"wp","href":"https:\/\/api.w.org\/{rel}","templated":true}]}}