{"id":270748,"date":"2016-05-24T00:06:41","date_gmt":"2016-05-24T05:06:41","guid":{"rendered":"http:\/\/www.diarioimagen.net\/?p=270748"},"modified":"2016-05-24T22:54:01","modified_gmt":"2016-05-25T03:54:01","slug":"rechaza-miguel-angel-mancera-fracaso-del-hoy-no-circula","status":"publish","type":"post","link":"https:\/\/www.diarioimagen.net\/?p=270748","title":{"rendered":"Rechaza Miguel \u00c1ngel Mancera fracaso del Hoy No Circula"},"content":{"rendered":"<ul>\n<li><strong><em>Minimiza costo pol\u00edtico<\/em><\/strong><\/li>\n<\/ul>\n<p>&nbsp;<\/p>\n<div id=\"attachment_270860\" style=\"width: 430px\" class=\"wp-caption aligncenter\"><a href=\"http:\/\/www.diarioimagen.net\/?attachment_id=270860\" rel=\"attachment wp-att-270860\"><img loading=\"lazy\" decoding=\"async\" aria-describedby=\"caption-attachment-270860\" class=\"size-large wp-image-270860\" src=\"http:\/\/www.diarioimagen.net\/wp-content\/uploads\/2016\/05\/mancera-2873-420x236.jpg\" alt=\"Aun con la aplicaci\u00f3n del programa Hoy No Circula reforzado, la calidad del aire en la Zona Metropolitana contin\u00faa en el nivel, que va de regular a mala.\" width=\"420\" height=\"236\" srcset=\"https:\/\/www.diarioimagen.net\/wp-content\/uploads\/2016\/05\/mancera-2873-420x236.jpg 420w, https:\/\/www.diarioimagen.net\/wp-content\/uploads\/2016\/05\/mancera-2873-240x135.jpg 240w, https:\/\/www.diarioimagen.net\/wp-content\/uploads\/2016\/05\/mancera-2873-235x132.jpg 235w, https:\/\/www.diarioimagen.net\/wp-content\/uploads\/2016\/05\/mancera-2873-202x114.jpg 202w, https:\/\/www.diarioimagen.net\/wp-content\/uploads\/2016\/05\/mancera-2873-350x196.jpg 350w, https:\/\/www.diarioimagen.net\/wp-content\/uploads\/2016\/05\/mancera-2873-220x123.jpg 220w, https:\/\/www.diarioimagen.net\/wp-content\/uploads\/2016\/05\/mancera-2873-237x132.jpg 237w, https:\/\/www.diarioimagen.net\/wp-content\/uploads\/2016\/05\/mancera-2873.jpg 480w\" sizes=\"auto, (max-width: 420px) 100vw, 420px\" \/><\/a><p id=\"caption-attachment-270860\" class=\"wp-caption-text\">Aun con la aplicaci\u00f3n del programa Hoy No Circula reforzado, la calidad del aire en la Zona Metropolitana contin\u00faa en el nivel, que va de regular a mala.<\/p><\/div>\n<p>&nbsp;<\/p>\n<p>El jefe de gobierno de la Ciudad de M\u00e9xico, Miguel \u00c1ngel Mancera Espinosa, rechaz\u00f3 categ\u00f3rico que el programa Hoy No Circula reforzado sea un fracaso y defendi\u00f3 cada una de las acciones que se realizan, en coordinaci\u00f3n con la Comisi\u00f3n Ambiental de la Megal\u00f3polis (Came).<\/p>\n<p>Dijo que se han frenado los altos niveles de contaminaci\u00f3n y observ\u00f3 que en el pa\u00eds existen ocho ciudades con los mismos problemas de mala calidad del aire y se\u00f1al\u00f3 que todo obedece a medidas sanitarias.<\/p>\n<p>Miguel \u00c1ngel Mancera fue cuestionado en Canc\u00fan y tuvo como respuesta que \u201ccuando se tienen que tomar decisiones de gobierno no puedes pensar en tu beneficio personal, sino para lo que est\u00e1s alquilado, trabajas para la gente\u201d.<\/p>\n<p>Expres\u00f3 que \u201cprimero tengo que ver la salud p\u00fablica, pensar en toda la gente que pudiera resultar afectada por problemas de contaminaci\u00f3n; atender a las opiniones de los expertos y despu\u00e9s pensar en los proyectos personales\u201d.<\/p>\n<p>Hizo notar la forma en que se ha \u201crecargado\u201d el programa \u201cHoy No Circula\u201d, con el cual primero se entraba a precontingencia con 150 puntos y a Fase 1 con 180 puntos. Ahora se decreta Fase 1 con 150 puntos, lo que quiere decir que exige mucho m\u00e1s y se adoptan todas las medidas que se tienen que tomar en estos casos.<\/p>\n<p style=\"text-align: center;\"><strong>No cede contaminaci\u00f3n en Zona Metropolitana<\/strong><\/p>\n<p>Aun con la aplicaci\u00f3n del programa Hoy No Circula reforzado, los niveles de contaminaci\u00f3n en la Zona Metropolitana del Valle de M\u00e9xico aumentaron ayer, al alcanzar 131 puntos de ozono en el municipio de Ecatepec, por lo que la calidad del aire es mala, inform\u00f3 el Sistema de Monitoreo Atmosf\u00e9rico de la Ciudad de M\u00e9xico.<\/p>\n<p>En su reporte de las 15:00 horas indic\u00f3 que en la Ciudad de M\u00e9xico y zona conurbada la calidad del aire era de mala a regular con 131 unidades de ozono en el noreste, 123 en el sureste, 116 suroeste y 115 puntos del mismo contaminante en la regi\u00f3n centro.<\/p>\n<p>Ante esas condiciones se recomienda que ni\u00f1os, adultos mayores, personas con intensa actividad f\u00edsica o con enfermedades respiratorias y cardiovasculares, limiten los esfuerzos prolongados al aire libre.<\/p>\n<p>&nbsp;<\/p>\n","protected":false},"excerpt":{"rendered":"<p>El jefe de gobierno de la Ciudad de M\u00e9xico, Miguel \u00c1ngel Mancera Espinosa, rechaz\u00f3 categ\u00f3rico que el programa Hoy No Circula reforzado sea un fracaso y defendi\u00f3 cada una de las acciones que se realizan, en coordinaci\u00f3n con la Comisi\u00f3n Ambiental de la Megal\u00f3polis (Came).<\/p>\n","protected":false},"author":3,"featured_media":270860,"comment_status":"open","ping_status":"open","sticky":false,"template":"","format":"standard","meta":{"_monsterinsights_skip_tracking":false,"_monsterinsights_sitenote_active":false,"_monsterinsights_sitenote_note":"","_monsterinsights_sitenote_category":0,"footnotes":""},"categories":[6],"tags":[204,27005,51097,11656],"class_list":["post-270748","post","type-post","status-publish","format-standard","has-post-thumbnail","hentry","category-cd-de-mexico","tag-ciudad-de-mexico","tag-hoy-no-circula","tag-mam","tag-zona-metropolitana"],"_links":{"self":[{"href":"https:\/\/www.diarioimagen.net\/index.php?rest_route=\/wp\/v2\/posts\/270748","targetHints":{"allow":["GET"]}}],"collection":[{"href":"https:\/\/www.diarioimagen.net\/index.php?rest_route=\/wp\/v2\/posts"}],"about":[{"href":"https:\/\/www.diarioimagen.net\/index.php?rest_route=\/wp\/v2\/types\/post"}],"author":[{"embeddable":true,"href":"https:\/\/www.diarioimagen.net\/index.php?rest_route=\/wp\/v2\/users\/3"}],"replies":[{"embeddable":true,"href":"https:\/\/www.diarioimagen.net\/index.php?rest_route=%2Fwp%2Fv2%2Fcomments&post=270748"}],"version-history":[{"count":0,"href":"https:\/\/www.diarioimagen.net\/index.php?rest_route=\/wp\/v2\/posts\/270748\/revisions"}],"wp:featuredmedia":[{"embeddable":true,"href":"https:\/\/www.diarioimagen.net\/index.php?rest_route=\/wp\/v2\/media\/270860"}],"wp:attachment":[{"href":"https:\/\/www.diarioimagen.net\/index.php?rest_route=%2Fwp%2Fv2%2Fmedia&parent=270748"}],"wp:term":[{"taxonomy":"category","embeddable":true,"href":"https:\/\/www.diarioimagen.net\/index.php?rest_route=%2Fwp%2Fv2%2Fcategories&post=270748"},{"taxonomy":"post_tag","embeddable":true,"href":"https:\/\/www.diarioimagen.net\/index.php?rest_route=%2Fwp%2Fv2%2Ftags&post=270748"}],"curies":[{"name":"wp","href":"https:\/\/api.w.org\/{rel}","templated":true}]}}