{"id":270760,"date":"2016-05-24T00:02:49","date_gmt":"2016-05-24T05:02:49","guid":{"rendered":"http:\/\/www.diarioimagen.net\/?p=270760"},"modified":"2016-05-24T05:02:47","modified_gmt":"2016-05-24T10:02:47","slug":"realizan-caminata-a-favor-de-la-donacion-de-organos","status":"publish","type":"post","link":"https:\/\/www.diarioimagen.net\/?p=270760","title":{"rendered":"Realizan caminata a favor de la donaci\u00f3n de \u00f3rganos"},"content":{"rendered":"<ul>\n<li><strong><em>Participaci\u00f3n de 700 personas<\/em><\/strong><\/li>\n<\/ul>\n<p>&nbsp;<\/p>\n<div id=\"attachment_270847\" style=\"width: 430px\" class=\"wp-caption aligncenter\"><a href=\"http:\/\/www.diarioimagen.net\/?attachment_id=270847\" rel=\"attachment wp-att-270847\"><img loading=\"lazy\" decoding=\"async\" aria-describedby=\"caption-attachment-270847\" class=\"size-large wp-image-270847\" src=\"http:\/\/www.diarioimagen.net\/wp-content\/uploads\/2016\/05\/toluca-2873-420x236.jpg\" alt=\"El Instituto de Salud del Estado de M\u00e9xico realiz\u00f3 la \u201c2\u00aa caminata familiar mexiquense unidos por la donaci\u00f3n de \u00f3rganos\u201d.\" width=\"420\" height=\"236\" srcset=\"https:\/\/www.diarioimagen.net\/wp-content\/uploads\/2016\/05\/toluca-2873-420x236.jpg 420w, https:\/\/www.diarioimagen.net\/wp-content\/uploads\/2016\/05\/toluca-2873-240x135.jpg 240w, https:\/\/www.diarioimagen.net\/wp-content\/uploads\/2016\/05\/toluca-2873-235x132.jpg 235w, https:\/\/www.diarioimagen.net\/wp-content\/uploads\/2016\/05\/toluca-2873-202x114.jpg 202w, https:\/\/www.diarioimagen.net\/wp-content\/uploads\/2016\/05\/toluca-2873-350x196.jpg 350w, https:\/\/www.diarioimagen.net\/wp-content\/uploads\/2016\/05\/toluca-2873-220x123.jpg 220w, https:\/\/www.diarioimagen.net\/wp-content\/uploads\/2016\/05\/toluca-2873-237x132.jpg 237w, https:\/\/www.diarioimagen.net\/wp-content\/uploads\/2016\/05\/toluca-2873.jpg 480w\" sizes=\"auto, (max-width: 420px) 100vw, 420px\" \/><\/a><p id=\"caption-attachment-270847\" class=\"wp-caption-text\">El Instituto de Salud del Estado de M\u00e9xico realiz\u00f3 la \u201c2\u00aa caminata familiar mexiquense unidos por la donaci\u00f3n de \u00f3rganos\u201d.<\/p><\/div>\n<p>&nbsp;<\/p>\n<p><strong>Toluca, Estado de M\u00e9xico<\/strong>.- Para fomentar la donaci\u00f3n de \u00f3rganos y tejidos, el Instituto de Salud del Estado de M\u00e9xico (ISEM) realiz\u00f3 la \u201c2\u00aa caminata familiar mexiquense unidos por la donaci\u00f3n de \u00f3rganos\u201d, que realiz\u00f3 un recorrido del estadio universitario Alberto \u201cChivo\u201d C\u00f3rdoba a la Plaza de Los M\u00e1rtires en Toluca, con una participaci\u00f3n de 700 personas.<\/p>\n<p>El coordinador de Salud del ISEM, Pedro Montoya, dijo que el trasplante de \u00f3rganos propicia un gasto adverso en las familias mexiquenses, ya que cada paciente requiere de medicamentos especiales para iniciar la cirug\u00eda, pero lamentablemente muchas personas no cuentan con ese recurso, pues tienen un costo de entre 60 y 70 mil pesos, esta inversi\u00f3n ha evitado cero rechazos de \u00f3rganos.<\/p>\n<p>&nbsp;<\/p>\n","protected":false},"excerpt":{"rendered":"<p>Para fomentar la donaci\u00f3n de \u00f3rganos y tejidos, el Instituto de Salud del Estado de M\u00e9xico (ISEM) realiz\u00f3 la \u201c2\u00aa caminata familiar mexiquense unidos por la donaci\u00f3n de \u00f3rganos\u201d, que realiz\u00f3 un recorrido del estadio universitario Alberto \u201cChivo\u201d C\u00f3rdoba a la Plaza de Los M\u00e1rtires en Toluca, con una participaci\u00f3n de 700 personas.<\/p>\n","protected":false},"author":3,"featured_media":270847,"comment_status":"open","ping_status":"open","sticky":false,"template":"","format":"standard","meta":{"_monsterinsights_skip_tracking":false,"_monsterinsights_sitenote_active":false,"_monsterinsights_sitenote_note":"","_monsterinsights_sitenote_category":0,"footnotes":""},"categories":[35155],"tags":[43675,13565,452],"class_list":["post-270760","post","type-post","status-publish","format-standard","has-post-thumbnail","hentry","category-estado-de-mexico-estado-de-mexico","tag-estado-de-mexico","tag-instituto-de-salud-del-estado-de-mexico","tag-toluca"],"_links":{"self":[{"href":"https:\/\/www.diarioimagen.net\/index.php?rest_route=\/wp\/v2\/posts\/270760","targetHints":{"allow":["GET"]}}],"collection":[{"href":"https:\/\/www.diarioimagen.net\/index.php?rest_route=\/wp\/v2\/posts"}],"about":[{"href":"https:\/\/www.diarioimagen.net\/index.php?rest_route=\/wp\/v2\/types\/post"}],"author":[{"embeddable":true,"href":"https:\/\/www.diarioimagen.net\/index.php?rest_route=\/wp\/v2\/users\/3"}],"replies":[{"embeddable":true,"href":"https:\/\/www.diarioimagen.net\/index.php?rest_route=%2Fwp%2Fv2%2Fcomments&post=270760"}],"version-history":[{"count":0,"href":"https:\/\/www.diarioimagen.net\/index.php?rest_route=\/wp\/v2\/posts\/270760\/revisions"}],"wp:featuredmedia":[{"embeddable":true,"href":"https:\/\/www.diarioimagen.net\/index.php?rest_route=\/wp\/v2\/media\/270847"}],"wp:attachment":[{"href":"https:\/\/www.diarioimagen.net\/index.php?rest_route=%2Fwp%2Fv2%2Fmedia&parent=270760"}],"wp:term":[{"taxonomy":"category","embeddable":true,"href":"https:\/\/www.diarioimagen.net\/index.php?rest_route=%2Fwp%2Fv2%2Fcategories&post=270760"},{"taxonomy":"post_tag","embeddable":true,"href":"https:\/\/www.diarioimagen.net\/index.php?rest_route=%2Fwp%2Fv2%2Ftags&post=270760"}],"curies":[{"name":"wp","href":"https:\/\/api.w.org\/{rel}","templated":true}]}}