{"id":270762,"date":"2016-05-24T00:04:33","date_gmt":"2016-05-24T05:04:33","guid":{"rendered":"http:\/\/www.diarioimagen.net\/?p=270762"},"modified":"2016-05-24T22:53:51","modified_gmt":"2016-05-25T03:53:51","slug":"realizan-plastianguis-para-fomentar-reciclaje","status":"publish","type":"post","link":"https:\/\/www.diarioimagen.net\/?p=270762","title":{"rendered":"Realizan \u201cPlastianguis\u201d para fomentar reciclaje"},"content":{"rendered":"<ul>\n<li><strong><em>Cambio de envases por art\u00edculos b\u00e1sicos<\/em><\/strong><\/li>\n<\/ul>\n<p>&nbsp;<\/p>\n<div id=\"attachment_270866\" style=\"width: 430px\" class=\"wp-caption aligncenter\"><a href=\"http:\/\/www.diarioimagen.net\/?attachment_id=270866\" rel=\"attachment wp-att-270866\"><img loading=\"lazy\" decoding=\"async\" aria-describedby=\"caption-attachment-270866\" class=\"size-large wp-image-270866\" src=\"http:\/\/www.diarioimagen.net\/wp-content\/uploads\/2016\/05\/PLASTIANGUIS-2873-420x236.jpg\" alt=\"En el \u201cPlastianguis\u201d se intercambian envases y productos usados de seis tipos de pl\u00e1stico por mercanc\u00edas de la canasta b\u00e1sica.\" width=\"420\" height=\"236\" srcset=\"https:\/\/www.diarioimagen.net\/wp-content\/uploads\/2016\/05\/PLASTIANGUIS-2873-420x236.jpg 420w, https:\/\/www.diarioimagen.net\/wp-content\/uploads\/2016\/05\/PLASTIANGUIS-2873-240x135.jpg 240w, https:\/\/www.diarioimagen.net\/wp-content\/uploads\/2016\/05\/PLASTIANGUIS-2873-235x132.jpg 235w, https:\/\/www.diarioimagen.net\/wp-content\/uploads\/2016\/05\/PLASTIANGUIS-2873-202x114.jpg 202w, https:\/\/www.diarioimagen.net\/wp-content\/uploads\/2016\/05\/PLASTIANGUIS-2873-350x196.jpg 350w, https:\/\/www.diarioimagen.net\/wp-content\/uploads\/2016\/05\/PLASTIANGUIS-2873-220x123.jpg 220w, https:\/\/www.diarioimagen.net\/wp-content\/uploads\/2016\/05\/PLASTIANGUIS-2873-237x132.jpg 237w, https:\/\/www.diarioimagen.net\/wp-content\/uploads\/2016\/05\/PLASTIANGUIS-2873.jpg 480w\" sizes=\"auto, (max-width: 420px) 100vw, 420px\" \/><\/a><p id=\"caption-attachment-270866\" class=\"wp-caption-text\">En el \u201cPlastianguis\u201d se intercambian envases y productos usados de seis tipos de pl\u00e1stico por mercanc\u00edas de la canasta b\u00e1sica.<\/p><\/div>\n<p>&nbsp;<\/p>\n<p>Con la intenci\u00f3n de fomentar el h\u00e1bito del reciclaje del pl\u00e1stico, la Asociaci\u00f3n Nacional de la Industria Qu\u00edmica (ANIQ) y la delegaci\u00f3n Cuauht\u00e9moc anunciaron la segunda edici\u00f3n del \u201cPlastianguis\u201d, a realizarse en junio pr\u00f3ximo en la Ciudad de M\u00e9xico.<\/p>\n<p>En conferencia de prensa, representantes del organismo y de la demarcaci\u00f3n pol\u00edtica dieron a conocer que el 12 de junio, en la explanada del monumento a la Revoluci\u00f3n se intercambiar\u00e1n envases y productos usados de seis tipos de pl\u00e1stico por mercanc\u00edas de la canasta b\u00e1sica.<\/p>\n<p>El director de la Comisi\u00f3n de la Industria del Pl\u00e1stico, Responsabilidad y Desarrollo Sustentable de la ANIQ, Rub\u00e9n Mu\u00f1oz Garc\u00eda, dijo que reciclar es una responsabilidad de todos y la industria del ramo busca contribuir a generar y modificar una cultura en el h\u00e1bito de estos desechos.<\/p>\n<p>A su vez, el director de Gesti\u00f3n Ambiental de la delegaci\u00f3n Cuauht\u00e9moc, Javier Hidalgo Ponce, reconoci\u00f3 que en dicha demarcaci\u00f3n existe un atraso de casi 11 a\u00f1os en materia de manejo adecuado de desechos s\u00f3lidos.<\/p>\n<p>Consider\u00f3 que con estrategias como \u201cPlastianguis\u201d, la demarcaci\u00f3n comenz\u00f3 a revertir dicha problem\u00e1tica, as\u00ed como a reciclar estos materiales.<\/p>\n<p>Refiri\u00f3 que en la Ciudad de M\u00e9xico se producen alrededor de mil 700 toneladas de basura al d\u00eda, sobre todo de productos de pl\u00e1stico que generan al menos 20 por ciento de la contaminaci\u00f3n en la capital y su zona conurbada.<\/p>\n<p>El funcionario coment\u00f3 que en la actual administraci\u00f3n de la delegaci\u00f3n Cuauht\u00e9moc se inici\u00f3 con la separaci\u00f3n de basura org\u00e1nica e inorg\u00e1nica, se le da seguimiento diario y est\u00e1 el proyecto para instalar en la sede del gobierno m\u00f3dulos de reciclaje con la participaci\u00f3n de los industriales.<\/p>\n<p>Adem\u00e1s, adelant\u00f3 que a trav\u00e9s de un invento de j\u00f3venes mexicanos, en breve se pondr\u00e1 en operaci\u00f3n un programa espec\u00edfico para el reciclaje de unicel, el cual dar\u00e1 empleo a personas en situaci\u00f3n vulnerable que no encuentran empleo por ser ex reclusos.<\/p>\n<p>El funcionario coment\u00f3 que el gobierno delegacional tiene proyectado un convenio de colaboraci\u00f3n con habitantes y comerciantes del barrio de Tepito y los industriales, para producir \u00fatiles escolares con base en pl\u00e1stico reciclado.<\/p>\n<p>En cuanto al \u201cPlastianguis\u201d, Rub\u00e9n Mu\u00f1oz Garc\u00eda inform\u00f3 que los productos que recibir\u00e1n habr\u00e1n de estar fabricados con los seis tipos de pl\u00e1stico que existe: PET, PEAD, PEBD, PVC, PP y PS, de f\u00e1cil identificaci\u00f3n debido a que est\u00e1n numerados.<\/p>\n<p>&nbsp;<\/p>\n","protected":false},"excerpt":{"rendered":"<p>Con la intenci\u00f3n de fomentar el h\u00e1bito del reciclaje del pl\u00e1stico, la Asociaci\u00f3n Nacional de la Industria Qu\u00edmica (ANIQ) y la delegaci\u00f3n Cuauht\u00e9moc anunciaron la segunda edici\u00f3n del \u201cPlastianguis\u201d, a realizarse en junio pr\u00f3ximo en la Ciudad de M\u00e9xico.<\/p>\n","protected":false},"author":3,"featured_media":270866,"comment_status":"open","ping_status":"open","sticky":false,"template":"","format":"standard","meta":{"_monsterinsights_skip_tracking":false,"_monsterinsights_sitenote_active":false,"_monsterinsights_sitenote_note":"","_monsterinsights_sitenote_category":0,"footnotes":""},"categories":[6],"tags":[204,51105],"class_list":["post-270762","post","type-post","status-publish","format-standard","has-post-thumbnail","hentry","category-cd-de-mexico","tag-ciudad-de-mexico","tag-reciclaje"],"_links":{"self":[{"href":"https:\/\/www.diarioimagen.net\/index.php?rest_route=\/wp\/v2\/posts\/270762","targetHints":{"allow":["GET"]}}],"collection":[{"href":"https:\/\/www.diarioimagen.net\/index.php?rest_route=\/wp\/v2\/posts"}],"about":[{"href":"https:\/\/www.diarioimagen.net\/index.php?rest_route=\/wp\/v2\/types\/post"}],"author":[{"embeddable":true,"href":"https:\/\/www.diarioimagen.net\/index.php?rest_route=\/wp\/v2\/users\/3"}],"replies":[{"embeddable":true,"href":"https:\/\/www.diarioimagen.net\/index.php?rest_route=%2Fwp%2Fv2%2Fcomments&post=270762"}],"version-history":[{"count":0,"href":"https:\/\/www.diarioimagen.net\/index.php?rest_route=\/wp\/v2\/posts\/270762\/revisions"}],"wp:featuredmedia":[{"embeddable":true,"href":"https:\/\/www.diarioimagen.net\/index.php?rest_route=\/wp\/v2\/media\/270866"}],"wp:attachment":[{"href":"https:\/\/www.diarioimagen.net\/index.php?rest_route=%2Fwp%2Fv2%2Fmedia&parent=270762"}],"wp:term":[{"taxonomy":"category","embeddable":true,"href":"https:\/\/www.diarioimagen.net\/index.php?rest_route=%2Fwp%2Fv2%2Fcategories&post=270762"},{"taxonomy":"post_tag","embeddable":true,"href":"https:\/\/www.diarioimagen.net\/index.php?rest_route=%2Fwp%2Fv2%2Ftags&post=270762"}],"curies":[{"name":"wp","href":"https:\/\/api.w.org\/{rel}","templated":true}]}}