{"id":270808,"date":"2016-05-24T00:06:30","date_gmt":"2016-05-24T05:06:30","guid":{"rendered":"http:\/\/www.diarioimagen.net\/?p=270808"},"modified":"2016-05-23T23:36:17","modified_gmt":"2016-05-24T04:36:17","slug":"que-sigue-para-venezuela","status":"publish","type":"post","link":"https:\/\/www.diarioimagen.net\/?p=270808","title":{"rendered":"\u00bfQu\u00e9 sigue para Venezuela?"},"content":{"rendered":"<h2>Detr\u00e1s del Poder<\/h2>\n<h5>Jos\u00e9 Antonio L\u00f3pez Sosa<\/h5>\n<p>&nbsp;<\/p>\n<p><strong>Las Vegas, Nevada<\/strong>.- La situaci\u00f3n en la Rep\u00fablica Bolivariana de Venezuela est\u00e1 tocando fondo, el mayor riesgo del r\u00e9gimen es que han afectado la parte m\u00e1s delicada del ser humano: la comida.<\/p>\n<p>S\u00ed, en Venezuela literalmente no hay que comer, las tiendas est\u00e1n vac\u00edas y el desabasto ha llegado incluso a las tiendas del Estado, los famosos \u201cMercales\u201d.<\/p>\n<p>El presidente Maduro sigue con el desgastado discurso de la guerra econ\u00f3mica, mientras tanto la poblaci\u00f3n cada vez se encuentra en un estado m\u00e1s cr\u00edtico.<\/p>\n<p>Si bien es cierto que el gobierno ha bloqueado hasta donde ha podido\u00a0 a la Asamblea desde que \u00e9sta qued\u00f3 en manos de la oposici\u00f3n, no podemos dejar de ver tambi\u00e9n la falta de di\u00e1logo pol\u00edtico con que la Mesa de Unidad Democr\u00e1tica (MUD), que agrupa a distintos sectores de la oposici\u00f3n, ha tenido con el gobierno en turno.<\/p>\n<p>En s\u00edntesis, en Venezuela no saben vivir en democracia, ni los unos ni los otros, la ley que impera es la propia, cualquiera que piense distinto est\u00e1 equivocado, de un lado y del otro.<\/p>\n<p>Venezuela tiene un futuro muy turbio, incluso pol\u00edticos internacionales han tenido que viajar a Caracas para mediar entre los dos bandos, cosa in\u00e9dita y fuera de lo com\u00fan en una sociedad democr\u00e1tica, como lo presume ser la venezolana.<\/p>\n<p>La \u00fanica salida que se asoma en lo inmediato es el refedendo revocatorio, aunque la salida de Maduro en lo inmediato no garantiza el abasto ni la soluci\u00f3n a la crisis econ\u00f3mica, se requiere un proyecto de largo plazo, la voluntad pol\u00edtica de todos los sectores.<\/p>\n<p style=\"text-align: center;\"><strong>#LADY PERIODICAZO<\/strong><\/p>\n<p>Por personas como esta mujer en Guadalajara, la labor del periodista se deval\u00faa. No es posible que se use un medio de comunicaci\u00f3n o una profesi\u00f3n como la nuestra, como medida de coerci\u00f3n para tener justicia o pretender tenerla, menos a\u00fan para amedrentar. En fin, as\u00ed hay muchos que poco a poco ir\u00e1n saliendo a la luz.<\/p>\n<p><em><a href=\"http:\/\/www.lopezsosa.com\" target=\"_blank\">www.lopezsosa.com<\/a><\/em><br \/>\n<em><a href=\"mailto:joseantonio@lopezsosa.com\" target=\"_blank\">joseantonio@lopezsosa.com<\/a><\/em><br \/>\n<em><a href=\"http:\/\/twitter.com\/joseantonio1977\" target=\"_blank\">@joseantonio1977<\/a><\/em><\/p>\n","protected":false},"excerpt":{"rendered":"<p><span style=\"color: #005497;\"><strong>Jos\u00e9 Antonio L\u00f3pez Sosa<\/strong><\/span><\/p>\n","protected":false},"author":3,"featured_media":0,"comment_status":"open","ping_status":"open","sticky":false,"template":"","format":"standard","meta":{"_monsterinsights_skip_tracking":false,"_monsterinsights_sitenote_active":false,"_monsterinsights_sitenote_note":"","_monsterinsights_sitenote_category":0,"footnotes":""},"categories":[637],"tags":[638,43690,4371,10388,43674],"class_list":["post-270808","post","type-post","status-publish","format-standard","hentry","category-jose-antonio-lopez-sosa","tag-detras-del-poder","tag-jose-antonio-lopez-sosa","tag-las-vegas","tag-nevada","tag-opinion"],"_links":{"self":[{"href":"https:\/\/www.diarioimagen.net\/index.php?rest_route=\/wp\/v2\/posts\/270808","targetHints":{"allow":["GET"]}}],"collection":[{"href":"https:\/\/www.diarioimagen.net\/index.php?rest_route=\/wp\/v2\/posts"}],"about":[{"href":"https:\/\/www.diarioimagen.net\/index.php?rest_route=\/wp\/v2\/types\/post"}],"author":[{"embeddable":true,"href":"https:\/\/www.diarioimagen.net\/index.php?rest_route=\/wp\/v2\/users\/3"}],"replies":[{"embeddable":true,"href":"https:\/\/www.diarioimagen.net\/index.php?rest_route=%2Fwp%2Fv2%2Fcomments&post=270808"}],"version-history":[{"count":0,"href":"https:\/\/www.diarioimagen.net\/index.php?rest_route=\/wp\/v2\/posts\/270808\/revisions"}],"wp:attachment":[{"href":"https:\/\/www.diarioimagen.net\/index.php?rest_route=%2Fwp%2Fv2%2Fmedia&parent=270808"}],"wp:term":[{"taxonomy":"category","embeddable":true,"href":"https:\/\/www.diarioimagen.net\/index.php?rest_route=%2Fwp%2Fv2%2Fcategories&post=270808"},{"taxonomy":"post_tag","embeddable":true,"href":"https:\/\/www.diarioimagen.net\/index.php?rest_route=%2Fwp%2Fv2%2Ftags&post=270808"}],"curies":[{"name":"wp","href":"https:\/\/api.w.org\/{rel}","templated":true}]}}