{"id":270950,"date":"2016-05-25T00:08:52","date_gmt":"2016-05-25T05:08:52","guid":{"rendered":"http:\/\/www.diarioimagen.net\/?p=270950"},"modified":"2016-05-25T22:56:30","modified_gmt":"2016-05-26T03:56:30","slug":"suspenden-contingencia-solo-dejaran-de-circular-engomados-rojos","status":"publish","type":"post","link":"https:\/\/www.diarioimagen.net\/?p=270950","title":{"rendered":"Suspenden Contingencia; hoy s\u00f3lo dejan de circular engomados rojos"},"content":{"rendered":"<p><a href=\"http:\/\/www.diarioimagen.net\/?attachment_id=271088\" rel=\"attachment wp-att-271088\"><img loading=\"lazy\" decoding=\"async\" class=\"aligncenter size-large wp-image-271088\" src=\"http:\/\/www.diarioimagen.net\/wp-content\/uploads\/2016\/05\/contingencia-2874-420x236.jpg\" alt=\"contingencia-2874\" width=\"420\" height=\"236\" srcset=\"https:\/\/www.diarioimagen.net\/wp-content\/uploads\/2016\/05\/contingencia-2874-420x236.jpg 420w, https:\/\/www.diarioimagen.net\/wp-content\/uploads\/2016\/05\/contingencia-2874-240x135.jpg 240w, https:\/\/www.diarioimagen.net\/wp-content\/uploads\/2016\/05\/contingencia-2874-480x270.jpg 480w, https:\/\/www.diarioimagen.net\/wp-content\/uploads\/2016\/05\/contingencia-2874-235x132.jpg 235w, https:\/\/www.diarioimagen.net\/wp-content\/uploads\/2016\/05\/contingencia-2874-202x114.jpg 202w, https:\/\/www.diarioimagen.net\/wp-content\/uploads\/2016\/05\/contingencia-2874-350x196.jpg 350w, https:\/\/www.diarioimagen.net\/wp-content\/uploads\/2016\/05\/contingencia-2874-220x123.jpg 220w, https:\/\/www.diarioimagen.net\/wp-content\/uploads\/2016\/05\/contingencia-2874-237x132.jpg 237w, https:\/\/www.diarioimagen.net\/wp-content\/uploads\/2016\/05\/contingencia-2874.jpg 700w\" sizes=\"auto, (max-width: 420px) 100vw, 420px\" \/><\/a><\/p>\n<p>&nbsp;<\/p>\n<p>La Comisi\u00f3n Ambiental de la Megal\u00f3polis (CAMe) determin\u00f3 suspender la Fase I de Contingencia Ambiental Atmosf\u00e9rica por ozono en la Zona Metropolitana del Valle de M\u00e9xico.<\/p>\n<p>En un comunicado, el organismo dio a conocer que para este\u00a0mi\u00e9rcoles \u201cse prev\u00e9n mejores condiciones meteorol\u00f3gicas para la dispersi\u00f3n de la contaminaci\u00f3n\u201d.<\/p>\n<p>Por ello, la suspensi\u00f3n a la circulaci\u00f3n de autom\u00f3viles ser\u00e1 s\u00f3lo para aquellos con engomado rojo y terminaci\u00f3n de placas 3 y 4.<\/p>\n<p>Ello, explic\u00f3, porque de acuerdo con la \u00faltima actualizaci\u00f3n de los modelos de pron\u00f3stico meteorol\u00f3gico, el sistema de alta presi\u00f3n que ha afectado a la regi\u00f3n central del pa\u00eds avanzar\u00e1 hacia el noreste durante las siguientes horas.<\/p>\n<p>Por lo tanto, lo anterior ayud\u00f3 a disminuir su influencia sobre la Zona Metropolitana del Valle de M\u00e9xico y ma\u00f1ana habr\u00e1 mejores condiciones meteorol\u00f3gicas para la dispersi\u00f3n de la contaminaci\u00f3n.<\/p>\n<p>Adem\u00e1s, agreg\u00f3, la estructura general de los sistemas meteorol\u00f3gicos favoreci\u00f3 el desarrollo de nubosidad de gran espesor en la vertical y, por tanto, provoc\u00f3 lluvia intensa con actividad el\u00e9ctrica en la Zona Metropolitana que ha contribuido tambi\u00e9n a la dispersi\u00f3n de los contaminantes y a la mejora de la calidad del aire, puntualiz\u00f3.<\/p>\n","protected":false},"excerpt":{"rendered":"<p>La Comisi\u00f3n Ambiental de la Megal\u00f3polis (CAMe) determin\u00f3 suspender la Fase I de Contingencia Ambiental Atmosf\u00e9rica por ozono en la Zona Metropolitana del Valle de M\u00e9xico. En un comunicado, el organismo dio a conocer que para ma\u00f1ana mi\u00e9rcoles \u201cse prev\u00e9n mejores condiciones meteorol\u00f3gicas para la dispersi\u00f3n de la contaminaci\u00f3n\u201d.<\/p>\n","protected":false},"author":3,"featured_media":271088,"comment_status":"open","ping_status":"open","sticky":false,"template":"","format":"standard","meta":{"_monsterinsights_skip_tracking":false,"_monsterinsights_sitenote_active":false,"_monsterinsights_sitenote_note":"","_monsterinsights_sitenote_category":0,"footnotes":""},"categories":[6],"tags":[49072,27005],"class_list":["post-270950","post","type-post","status-publish","format-standard","has-post-thumbnail","hentry","category-cd-de-mexico","tag-comision-ambiental-de-la-megalopolis","tag-hoy-no-circula"],"_links":{"self":[{"href":"https:\/\/www.diarioimagen.net\/index.php?rest_route=\/wp\/v2\/posts\/270950","targetHints":{"allow":["GET"]}}],"collection":[{"href":"https:\/\/www.diarioimagen.net\/index.php?rest_route=\/wp\/v2\/posts"}],"about":[{"href":"https:\/\/www.diarioimagen.net\/index.php?rest_route=\/wp\/v2\/types\/post"}],"author":[{"embeddable":true,"href":"https:\/\/www.diarioimagen.net\/index.php?rest_route=\/wp\/v2\/users\/3"}],"replies":[{"embeddable":true,"href":"https:\/\/www.diarioimagen.net\/index.php?rest_route=%2Fwp%2Fv2%2Fcomments&post=270950"}],"version-history":[{"count":0,"href":"https:\/\/www.diarioimagen.net\/index.php?rest_route=\/wp\/v2\/posts\/270950\/revisions"}],"wp:featuredmedia":[{"embeddable":true,"href":"https:\/\/www.diarioimagen.net\/index.php?rest_route=\/wp\/v2\/media\/271088"}],"wp:attachment":[{"href":"https:\/\/www.diarioimagen.net\/index.php?rest_route=%2Fwp%2Fv2%2Fmedia&parent=270950"}],"wp:term":[{"taxonomy":"category","embeddable":true,"href":"https:\/\/www.diarioimagen.net\/index.php?rest_route=%2Fwp%2Fv2%2Fcategories&post=270950"},{"taxonomy":"post_tag","embeddable":true,"href":"https:\/\/www.diarioimagen.net\/index.php?rest_route=%2Fwp%2Fv2%2Ftags&post=270950"}],"curies":[{"name":"wp","href":"https:\/\/api.w.org\/{rel}","templated":true}]}}