{"id":271151,"date":"2016-05-25T23:55:42","date_gmt":"2016-05-26T04:55:42","guid":{"rendered":"http:\/\/www.diarioimagen.net\/?p=271151"},"modified":"2016-05-26T05:12:26","modified_gmt":"2016-05-26T10:12:26","slug":"leon-larregui-anuncia-dos-nuevas-fechas-en-el-teatro-metropolitan","status":"publish","type":"post","link":"https:\/\/www.diarioimagen.net\/?p=271151","title":{"rendered":"Le\u00f3n Larregui anuncia dos nuevas fechas en el Teatro Metrop\u00f3litan"},"content":{"rendered":"<ul>\n<li><em><strong>6 y 7 de octubre a las 20:30 horas; Preventa Banamex 26 y 27 de mayo<\/strong><\/em><\/li>\n<\/ul>\n<p>&nbsp;<\/p>\n<div id=\"attachment_271152\" style=\"width: 430px\" class=\"wp-caption aligncenter\"><a href=\"http:\/\/www.diarioimagen.net\/?attachment_id=271152\" rel=\"attachment wp-att-271152\"><img loading=\"lazy\" decoding=\"async\" aria-describedby=\"caption-attachment-271152\" class=\"wp-image-271152\" src=\"http:\/\/www.diarioimagen.net\/wp-content\/uploads\/2016\/05\/leon-larregui-pooortal-278x420.jpg\" alt=\"Le\u00f3n Larregui se adue\u00f1ar\u00e1 por cinco noches del escenario del Teatro Metrop\u00f3litan. Las fechas del 1, 2 y 3 de julio se encuentran totalmente agotadas. Sus dos nuevas presentaciones ser\u00e1n los d\u00edas 6 y 7 de octubre.\" width=\"420\" height=\"634\" srcset=\"https:\/\/www.diarioimagen.net\/wp-content\/uploads\/2016\/05\/leon-larregui-pooortal-278x420.jpg 278w, https:\/\/www.diarioimagen.net\/wp-content\/uploads\/2016\/05\/leon-larregui-pooortal-159x240.jpg 159w, https:\/\/www.diarioimagen.net\/wp-content\/uploads\/2016\/05\/leon-larregui-pooortal.jpg 700w\" sizes=\"auto, (max-width: 420px) 100vw, 420px\" \/><\/a><p id=\"caption-attachment-271152\" class=\"wp-caption-text\">Le\u00f3n Larregui se adue\u00f1ar\u00e1 por cinco noches del escenario del Teatro Metrop\u00f3litan. Las fechas del 1, 2 y 3 de julio se encuentran totalmente agotadas. Sus dos nuevas presentaciones ser\u00e1n los d\u00edas 6 y 7 de octubre.<\/p><\/div>\n<p>&nbsp;<\/p>\n<p>Para que nadie se quede sin verlo, y tras colgar el letrero de localidades agotadas de sus shows del 1, 2 y 3 de julio, Le\u00f3n Larregui y Ocesa anuncian un par de nuevos conciertos. Es as\u00ed que el vocalista de la banda Zo\u00e9, se adue\u00f1ar\u00e1 del estrado del Teatro Metrop\u00f3litan, las noches del 6 y 7 de octubre, siendo as\u00ed cinco fechas que suma de su \u201cVoluma Tour\u201d en la Ciudad de M\u00e9xico. Los boletos estar\u00e1n en preventa Banamex los d\u00edas 26 y 27 de mayo.<\/p>\n<p>Hace unos d\u00edas, Le\u00f3n dio la patada inicial de \u201cVoluma Tour\u201d en San Luis Potos\u00ed con tremendo \u00e9xito y posteriormente lleg\u00f3 a Quer\u00e9taro y Puebla. Adem\u00e1s, tambi\u00e9n, fue nominado en los Premios Millenial Awards de MTV en las categor\u00edas Hit del A\u00f1o y Video Latino del A\u00f1o por su primer sencillo Locos.<\/p>\n<p>La gira de Le\u00f3n pasar\u00e1 por importantes plazas de la Rep\u00fablica Mexicana, as\u00ed como llegar\u00e1 a Estados Unidos donde actuar\u00e1 en ciudades como Texas, California, Illinois y Nueva York, aqu\u00ed ser\u00e1 parte del Latin Alternative Music Conference mejor conocido como LAMC. Asimismo, visitar\u00e1 Colombia, Ecuador, Per\u00fa, Bolivia y Argentina.<\/p>\n<p>\u201cVoluma\u201d debut\u00f3 en el n\u00famero uno de la lista general de iTunes y en el n\u00famero 1 del Top Ten de MixUp a nivel nacional. Este viaje on\u00edrico es una experiencia muy personal, profunda, \u00edntima y \u00fanica. El material, que cuenta con 12 temas cargados de romanticismo y nostalgia, se grab\u00f3 en los Estudios Hippocampus de Francia y Panoram de la Ciudad de M\u00e9xico, haciendo mancuerna nuevamente con Adan Jodorowsky y Rob y Jack Lahana. Como primer sencillo se lanz\u00f3 el tema \u201cLocos\u201d, que ha sido bien recibido por el p\u00fablico.<\/p>\n","protected":false},"excerpt":{"rendered":"<p>Para que nadie se quede sin verlo, y tras colgar el letrero de localidades agotadas de sus shows del 1, 2 y 3 de julio, Le\u00f3n Larregui y Ocesa anuncian un par de nuevos conciertos. Es as\u00ed que el vocalista de la banda Zo\u00e9, se adue\u00f1ar\u00e1 del estrado del Teatro Metrop\u00f3litan, las noches del 6 y 7 de octubre, siendo as\u00ed cinco fechas que suma de su \u201cVoluma Tour\u201d en la Ciudad de M\u00e9xico. Los boletos estar\u00e1n en preventa Banamex los d\u00edas 26 y 27 de mayo. <\/p>\n","protected":false},"author":5,"featured_media":271153,"comment_status":"open","ping_status":"open","sticky":false,"template":"","format":"standard","meta":{"_monsterinsights_skip_tracking":false,"_monsterinsights_sitenote_active":false,"_monsterinsights_sitenote_note":"","_monsterinsights_sitenote_category":0,"footnotes":""},"categories":[17,12],"tags":[43682,45995,6425],"class_list":["post-271151","post","type-post","status-publish","format-standard","has-post-thumbnail","hentry","category-especiales","category-espectaculos","tag-espectaculos","tag-leon-larregui","tag-teatro-metropolitan"],"_links":{"self":[{"href":"https:\/\/www.diarioimagen.net\/index.php?rest_route=\/wp\/v2\/posts\/271151","targetHints":{"allow":["GET"]}}],"collection":[{"href":"https:\/\/www.diarioimagen.net\/index.php?rest_route=\/wp\/v2\/posts"}],"about":[{"href":"https:\/\/www.diarioimagen.net\/index.php?rest_route=\/wp\/v2\/types\/post"}],"author":[{"embeddable":true,"href":"https:\/\/www.diarioimagen.net\/index.php?rest_route=\/wp\/v2\/users\/5"}],"replies":[{"embeddable":true,"href":"https:\/\/www.diarioimagen.net\/index.php?rest_route=%2Fwp%2Fv2%2Fcomments&post=271151"}],"version-history":[{"count":0,"href":"https:\/\/www.diarioimagen.net\/index.php?rest_route=\/wp\/v2\/posts\/271151\/revisions"}],"wp:featuredmedia":[{"embeddable":true,"href":"https:\/\/www.diarioimagen.net\/index.php?rest_route=\/wp\/v2\/media\/271153"}],"wp:attachment":[{"href":"https:\/\/www.diarioimagen.net\/index.php?rest_route=%2Fwp%2Fv2%2Fmedia&parent=271151"}],"wp:term":[{"taxonomy":"category","embeddable":true,"href":"https:\/\/www.diarioimagen.net\/index.php?rest_route=%2Fwp%2Fv2%2Fcategories&post=271151"},{"taxonomy":"post_tag","embeddable":true,"href":"https:\/\/www.diarioimagen.net\/index.php?rest_route=%2Fwp%2Fv2%2Ftags&post=271151"}],"curies":[{"name":"wp","href":"https:\/\/api.w.org\/{rel}","templated":true}]}}