{"id":271172,"date":"2016-05-26T00:10:55","date_gmt":"2016-05-26T05:10:55","guid":{"rendered":"http:\/\/www.diarioimagen.net\/?p=271172"},"modified":"2016-05-26T04:47:58","modified_gmt":"2016-05-26T09:47:58","slug":"mejor-atencion-a-pacientes-con-esclerosis-multiple","status":"publish","type":"post","link":"https:\/\/www.diarioimagen.net\/?p=271172","title":{"rendered":"Mejor atenci\u00f3n a pacientes con esclerosis m\u00faltiple"},"content":{"rendered":"<ul>\n<li><strong><em>Entregan 10 mil laptops a estudiantes de excelencia<\/em><\/strong><\/li>\n<\/ul>\n<p>&nbsp;<\/p>\n<div id=\"attachment_271260\" style=\"width: 430px\" class=\"wp-caption aligncenter\"><a href=\"http:\/\/www.diarioimagen.net\/?attachment_id=271260\" rel=\"attachment wp-att-271260\"><img loading=\"lazy\" decoding=\"async\" aria-describedby=\"caption-attachment-271260\" class=\"size-large wp-image-271260\" src=\"http:\/\/www.diarioimagen.net\/wp-content\/uploads\/2016\/05\/eruviel-2875-420x248.jpg\" alt=\"Eruviel \u00c1vila - Entregando laptops a estudiantes de excelencia acad\u00e9mica.\" width=\"420\" height=\"248\" srcset=\"https:\/\/www.diarioimagen.net\/wp-content\/uploads\/2016\/05\/eruviel-2875-420x248.jpg 420w, https:\/\/www.diarioimagen.net\/wp-content\/uploads\/2016\/05\/eruviel-2875-240x142.jpg 240w, https:\/\/www.diarioimagen.net\/wp-content\/uploads\/2016\/05\/eruviel-2875.jpg 700w\" sizes=\"auto, (max-width: 420px) 100vw, 420px\" \/><\/a><p id=\"caption-attachment-271260\" class=\"wp-caption-text\">Eruviel \u00c1vila &#8211; Entregando laptops a estudiantes de excelencia acad\u00e9mica.<\/p><\/div>\n<p>&nbsp;<\/p>\n<p><strong>Toluca, Estado de M\u00e9xico<\/strong>.- En el marco del D\u00eda Mundial de la Esclerosis M\u00faltiple, el gobernador Eruviel \u00c1vila Villegas reiter\u00f3 su compromiso con las personas diagnosticadas con este padecimiento, que afecta actualmente a m\u00e1s de 2 millones 300 mil\u00a0 personas en todo el mundo, principalmente a mujeres, generando discapacidad por causas desconocidas, por lo cual puso a disposici\u00f3n el Hospital Adolfo L\u00f3pez Mateos, en Toluca, para realizar estudios especializados como el de resonancia magn\u00e9tica nuclear, punci\u00f3n lumbar, entre otros, y as\u00ed detectar a tiempo esta enfermedad.<\/p>\n<p>\u201cHoy, en el D\u00eda Mundial de la Esclerosis M\u00faltiple el gobierno del estado, su amigo el gobernador reitera su solidaridad a los pacientes y hay que invitar tambi\u00e9n, a la poblaci\u00f3n para que seamos solidarios con quien tenga este padecimiento y que sepan\u00a0 quien lo llegue a tener, no est\u00e1 sola, no est\u00e1 solo cuentan con el apoyo del presidente Pe\u00f1a Nieto y el gobernador\u201d.<\/p>\n<p>En Toluca, durante la entrega de laptops a alumnos de excelencia, Eruviel \u00c1vila dijo que la esclerosis m\u00faltiple es una enfermedad que se diagnostica principalmente entre los 25 y 31 a\u00f1os, se desconocen las causas que la generan y a\u00fan no existe una cura, s\u00f3lo tratamiento que la controla.<\/p>\n<p>Ante m\u00e1s de 4 mil estudiantes y padres de familia, anunci\u00f3 la entrega de 10 mil\u00a0 laptops, que se suman a las m\u00e1s de 77 mil ya entregadas a estudiantes de todo el Estad de M\u00e9xico.<\/p>\n<p>El titular del Ejecutivo estatal inform\u00f3 que son diversas las acciones en materia de educaci\u00f3n las que se realizan en la entidad, como la titulaci\u00f3n simplificada; la entrega de becas al extranjero, de las cuales se han entregado m\u00e1s de 4 mil, para que los estudiantes se vayan a Estados Unidos, Argentina, Chile, Jap\u00f3n, Espa\u00f1a, entre otros, as\u00ed como becas a\u00a0 integrantes de las escoltas.<\/p>\n","protected":false},"excerpt":{"rendered":"<p>En el marco del D\u00eda Mundial de la Esclerosis M\u00faltiple, el gobernador Eruviel \u00c1vila Villegas reiter\u00f3 su compromiso con las personas diagnosticadas con este padecimiento, que afecta actualmente a m\u00e1s de 2 millones 300 mil  personas &#8230;<\/p>\n","protected":false},"author":3,"featured_media":271260,"comment_status":"open","ping_status":"open","sticky":false,"template":"","format":"standard","meta":{"_monsterinsights_skip_tracking":false,"_monsterinsights_sitenote_active":false,"_monsterinsights_sitenote_note":"","_monsterinsights_sitenote_category":0,"footnotes":""},"categories":[5],"tags":[5828,43675,452],"class_list":["post-271172","post","type-post","status-publish","format-standard","has-post-thumbnail","hentry","category-estado-de-mexico","tag-eruviel-avila-villegas","tag-estado-de-mexico","tag-toluca"],"_links":{"self":[{"href":"https:\/\/www.diarioimagen.net\/index.php?rest_route=\/wp\/v2\/posts\/271172","targetHints":{"allow":["GET"]}}],"collection":[{"href":"https:\/\/www.diarioimagen.net\/index.php?rest_route=\/wp\/v2\/posts"}],"about":[{"href":"https:\/\/www.diarioimagen.net\/index.php?rest_route=\/wp\/v2\/types\/post"}],"author":[{"embeddable":true,"href":"https:\/\/www.diarioimagen.net\/index.php?rest_route=\/wp\/v2\/users\/3"}],"replies":[{"embeddable":true,"href":"https:\/\/www.diarioimagen.net\/index.php?rest_route=%2Fwp%2Fv2%2Fcomments&post=271172"}],"version-history":[{"count":0,"href":"https:\/\/www.diarioimagen.net\/index.php?rest_route=\/wp\/v2\/posts\/271172\/revisions"}],"wp:featuredmedia":[{"embeddable":true,"href":"https:\/\/www.diarioimagen.net\/index.php?rest_route=\/wp\/v2\/media\/271260"}],"wp:attachment":[{"href":"https:\/\/www.diarioimagen.net\/index.php?rest_route=%2Fwp%2Fv2%2Fmedia&parent=271172"}],"wp:term":[{"taxonomy":"category","embeddable":true,"href":"https:\/\/www.diarioimagen.net\/index.php?rest_route=%2Fwp%2Fv2%2Fcategories&post=271172"},{"taxonomy":"post_tag","embeddable":true,"href":"https:\/\/www.diarioimagen.net\/index.php?rest_route=%2Fwp%2Fv2%2Ftags&post=271172"}],"curies":[{"name":"wp","href":"https:\/\/api.w.org\/{rel}","templated":true}]}}