{"id":271174,"date":"2016-05-26T00:09:17","date_gmt":"2016-05-26T05:09:17","guid":{"rendered":"http:\/\/www.diarioimagen.net\/?p=271174"},"modified":"2016-05-26T04:09:12","modified_gmt":"2016-05-26T09:09:12","slug":"celebran-el-39-aniversario-del-centro-ceremonial-mazahua","status":"publish","type":"post","link":"https:\/\/www.diarioimagen.net\/?p=271174","title":{"rendered":"Celebran el 39 aniversario del Centro Ceremonial Mazahua"},"content":{"rendered":"<ul>\n<li><strong><em>Con obras de remozamiento<\/em><\/strong><\/li>\n<\/ul>\n<p>&nbsp;<\/p>\n<div id=\"attachment_271269\" style=\"width: 430px\" class=\"wp-caption aligncenter\"><a href=\"http:\/\/www.diarioimagen.net\/?attachment_id=271269\" rel=\"attachment wp-att-271269\"><img loading=\"lazy\" decoding=\"async\" aria-describedby=\"caption-attachment-271269\" class=\"size-large wp-image-271269\" src=\"http:\/\/www.diarioimagen.net\/wp-content\/uploads\/2016\/05\/MAZAHUA-2875-420x236.jpg\" alt=\"Comenzaron las obras que mejorar\u00e1n las instalaciones del Centro Ceremonial Mazahua, con el prop\u00f3sito de brindar un mejor servicio a sus visitantes.\" width=\"420\" height=\"236\" srcset=\"https:\/\/www.diarioimagen.net\/wp-content\/uploads\/2016\/05\/MAZAHUA-2875-420x236.jpg 420w, https:\/\/www.diarioimagen.net\/wp-content\/uploads\/2016\/05\/MAZAHUA-2875-240x135.jpg 240w, https:\/\/www.diarioimagen.net\/wp-content\/uploads\/2016\/05\/MAZAHUA-2875-235x132.jpg 235w, https:\/\/www.diarioimagen.net\/wp-content\/uploads\/2016\/05\/MAZAHUA-2875-202x114.jpg 202w, https:\/\/www.diarioimagen.net\/wp-content\/uploads\/2016\/05\/MAZAHUA-2875-350x196.jpg 350w, https:\/\/www.diarioimagen.net\/wp-content\/uploads\/2016\/05\/MAZAHUA-2875-220x123.jpg 220w, https:\/\/www.diarioimagen.net\/wp-content\/uploads\/2016\/05\/MAZAHUA-2875-237x132.jpg 237w, https:\/\/www.diarioimagen.net\/wp-content\/uploads\/2016\/05\/MAZAHUA-2875.jpg 480w\" sizes=\"auto, (max-width: 420px) 100vw, 420px\" \/><\/a><p id=\"caption-attachment-271269\" class=\"wp-caption-text\">Comenzaron las obras que mejorar\u00e1n las instalaciones del Centro Ceremonial Mazahua, con el prop\u00f3sito de brindar un mejor servicio a sus visitantes.<\/p><\/div>\n<p>&nbsp;<\/p>\n<p><strong>San Felipe del Progreso, Estado de M\u00e9xico<\/strong>.- En el marco del 39 aniversario del Centro Ceremonial Mazahua, la Secretar\u00eda del Medio Ambiente a trav\u00e9s de la Comisi\u00f3n Estatal de Parques Naturales y de la Fauna (CEPANAF), inici\u00f3 obras que mejorar\u00e1n las instalaciones, con el prop\u00f3sito de brindar un mejor servicio a los visitantes.<\/p>\n<p>En el evento, la directora general de CEPANAF, Anna Sof\u00eda Manzur Garc\u00eda-Maass, acompa\u00f1ada por el alcalde de San Felipe del Progreso, Olegario Romero L\u00f3pez, destac\u00f3 que el Centro Ceremonial es un espacio destinado a la conservaci\u00f3n de la historia y costumbres de la etnia mazahua, inmerso en un \u00c1rea Natural Protegida de 19.5 hect\u00e1reas.<\/p>\n<p>Manzur Garc\u00eda-Mass agreg\u00f3 que este centro forma parte de los 15 parques administrados por la CEPANAF; mediante los cuales se cuenta con 93 hect\u00e1reas de \u00e1reas naturales protegidas y ubican al Estado de M\u00e9xico con el mayor n\u00famero en este rubro en el pa\u00eds.<\/p>\n<p>Precis\u00f3 que la dependencia a su cargo seguir\u00e1 cumpliendo con la misi\u00f3n de proteger, conservar y preservar las \u00e1reas naturales y la fauna de la entidad.<\/p>\n<p>Por su parte, el alcalde de San Felipe del Progreso, Olegario Romero L\u00f3pez, manifest\u00f3 su preocupaci\u00f3n por preservar el medio ambiente y las \u00e1reas naturales protegidas, por lo que don\u00f3 los materiales para la realizaci\u00f3n de las obras que permitir\u00e1n ofrecer una mejor calidad de vida a los visitantes Centro Ceremonial Mazahua.<\/p>\n<p>&nbsp;<\/p>\n","protected":false},"excerpt":{"rendered":"<p>En el marco del 39 aniversario del Centro Ceremonial Mazahua, la Secretar\u00eda del Medio Ambiente a trav\u00e9s de la Comisi\u00f3n Estatal de Parques Naturales y de la Fauna (CEPANAF), inici\u00f3 obras que mejorar\u00e1n las instalaciones, con el prop\u00f3sito de brindar un mejor servicio a los visitantes.<\/p>\n","protected":false},"author":3,"featured_media":271269,"comment_status":"open","ping_status":"open","sticky":false,"template":"","format":"standard","meta":{"_monsterinsights_skip_tracking":false,"_monsterinsights_sitenote_active":false,"_monsterinsights_sitenote_note":"","_monsterinsights_sitenote_category":0,"footnotes":""},"categories":[5],"tags":[43675,6710,6789],"class_list":["post-271174","post","type-post","status-publish","format-standard","has-post-thumbnail","hentry","category-estado-de-mexico","tag-estado-de-mexico","tag-san-felipe-del-progreso","tag-secretaria-del-medio-ambiente"],"_links":{"self":[{"href":"https:\/\/www.diarioimagen.net\/index.php?rest_route=\/wp\/v2\/posts\/271174","targetHints":{"allow":["GET"]}}],"collection":[{"href":"https:\/\/www.diarioimagen.net\/index.php?rest_route=\/wp\/v2\/posts"}],"about":[{"href":"https:\/\/www.diarioimagen.net\/index.php?rest_route=\/wp\/v2\/types\/post"}],"author":[{"embeddable":true,"href":"https:\/\/www.diarioimagen.net\/index.php?rest_route=\/wp\/v2\/users\/3"}],"replies":[{"embeddable":true,"href":"https:\/\/www.diarioimagen.net\/index.php?rest_route=%2Fwp%2Fv2%2Fcomments&post=271174"}],"version-history":[{"count":0,"href":"https:\/\/www.diarioimagen.net\/index.php?rest_route=\/wp\/v2\/posts\/271174\/revisions"}],"wp:featuredmedia":[{"embeddable":true,"href":"https:\/\/www.diarioimagen.net\/index.php?rest_route=\/wp\/v2\/media\/271269"}],"wp:attachment":[{"href":"https:\/\/www.diarioimagen.net\/index.php?rest_route=%2Fwp%2Fv2%2Fmedia&parent=271174"}],"wp:term":[{"taxonomy":"category","embeddable":true,"href":"https:\/\/www.diarioimagen.net\/index.php?rest_route=%2Fwp%2Fv2%2Fcategories&post=271174"},{"taxonomy":"post_tag","embeddable":true,"href":"https:\/\/www.diarioimagen.net\/index.php?rest_route=%2Fwp%2Fv2%2Ftags&post=271174"}],"curies":[{"name":"wp","href":"https:\/\/api.w.org\/{rel}","templated":true}]}}