{"id":271183,"date":"2016-05-26T00:03:08","date_gmt":"2016-05-26T05:03:08","guid":{"rendered":"http:\/\/www.diarioimagen.net\/?p=271183"},"modified":"2016-05-26T04:12:47","modified_gmt":"2016-05-26T09:12:47","slug":"se-suma-tultepec-al-mando-unico-policial","status":"publish","type":"post","link":"https:\/\/www.diarioimagen.net\/?p=271183","title":{"rendered":"Se suma Tultepec al Mando \u00danico Policial"},"content":{"rendered":"<ul>\n<li><strong><em>Se incrementar\u00e1 la presencia policial<\/em><\/strong><\/li>\n<\/ul>\n<p>&nbsp;<\/p>\n<div id=\"attachment_271272\" style=\"width: 430px\" class=\"wp-caption aligncenter\"><a href=\"http:\/\/www.diarioimagen.net\/?attachment_id=271272\" rel=\"attachment wp-att-271272\"><img loading=\"lazy\" decoding=\"async\" aria-describedby=\"caption-attachment-271272\" class=\"size-large wp-image-271272\" src=\"http:\/\/www.diarioimagen.net\/wp-content\/uploads\/2016\/05\/TULTEPEC-2875-420x236.jpg\" alt=\"El alcalde Armando Portuguez Fuentes dijo que el Mando \u00danico Policial incrementar\u00e1 la presencia de agentes en los municipios y en la entidad.\" width=\"420\" height=\"236\" srcset=\"https:\/\/www.diarioimagen.net\/wp-content\/uploads\/2016\/05\/TULTEPEC-2875-420x236.jpg 420w, https:\/\/www.diarioimagen.net\/wp-content\/uploads\/2016\/05\/TULTEPEC-2875-240x135.jpg 240w, https:\/\/www.diarioimagen.net\/wp-content\/uploads\/2016\/05\/TULTEPEC-2875-235x132.jpg 235w, https:\/\/www.diarioimagen.net\/wp-content\/uploads\/2016\/05\/TULTEPEC-2875-202x114.jpg 202w, https:\/\/www.diarioimagen.net\/wp-content\/uploads\/2016\/05\/TULTEPEC-2875-350x196.jpg 350w, https:\/\/www.diarioimagen.net\/wp-content\/uploads\/2016\/05\/TULTEPEC-2875-220x123.jpg 220w, https:\/\/www.diarioimagen.net\/wp-content\/uploads\/2016\/05\/TULTEPEC-2875-237x132.jpg 237w, https:\/\/www.diarioimagen.net\/wp-content\/uploads\/2016\/05\/TULTEPEC-2875.jpg 480w\" sizes=\"auto, (max-width: 420px) 100vw, 420px\" \/><\/a><p id=\"caption-attachment-271272\" class=\"wp-caption-text\">El alcalde Armando Portuguez Fuentes dijo que el Mando \u00danico Policial incrementar\u00e1 la presencia de agentes en los municipios y en la entidad.<\/p><\/div>\n<p>&nbsp;<\/p>\n<p><strong>Tultepec, Estado de M\u00e9xico<\/strong>.- Armando Portuguez Fuentes se pronunci\u00f3 a favor del modelo del Mando \u00danico Policial, al compartir lo manifestado por el gobernador Eruviel \u00c1vila Villegas, quien asegur\u00f3 que en la lucha contra la inseguridad \u201cnadie puede solo\u201d.<\/p>\n<p>El alcalde dijo que este modelo incrementar\u00e1 la presencia policial en los municipios y en la entidad, logrando un combate m\u00e1s eficaz en la lucha contra la delincuencia a la vez de combatir actos de corrupci\u00f3n, expres\u00f3.<\/p>\n<p>Tultepec fue uno de los 118 municipios que el pasado martes signaron el convenio del Mando \u00danico Policial, convencido de que \u00e9ste es un esquema acertado que \u201cno le resta autoridad a los municipios, y con el cual se busca reducir la incidencia delictiva al aplicar estrategias conjuntas y centralizadas\u201d, se\u00f1al\u00f3 el edil.<\/p>\n<p>Explic\u00f3 que este modelo consiste en la coordinaci\u00f3n entre las polic\u00edas locales y la estatal, para implementar programas y operativos con una misma l\u00ednea de acci\u00f3n con el objetivo de respuesta m\u00e1s inmediata en favor de la ciudadan\u00eda.<\/p>\n<p>Precis\u00f3 que homologar capacitaci\u00f3n y percepciones, as\u00ed como una base com\u00fan bajo un\u00a0 s\u00f3lo mando, permitir\u00e1 dar respuesta m\u00e1s inmediata\u00a0 a la ciudadan\u00eda, porque la coordinaci\u00f3n permitir\u00e1 actuar con prontitud contra la delincuencia.<\/p>\n<p>Portuguez Fuentes anunci\u00f3 que su gobierno aplicar\u00e1 un sistema de est\u00edmulos mensuales para la polic\u00eda local y la mejora general de sus condiciones de trabajo como incentivo en el desempe\u00f1o de su responsabilidad, adem\u00e1s de que se remodelar\u00e1n las instalaciones que hoy ocupa la Comisar\u00eda de Seguridad Ciudadana.<\/p>\n<p>Asimismo, garantiz\u00f3 la entrega de equipo completo para que todos los elementos enfrenten de la mejor manera la dif\u00edcil tarea de preservar el orden y la seguridad de la ciudadan\u00eda. Cada elemento contar\u00e1 con uniforme, chaleco blindado, seguridad social y prestaciones de ley, as\u00ed como desayuno y comida\u00a0 durante su turno.<\/p>\n<p>&nbsp;<\/p>\n","protected":false},"excerpt":{"rendered":"<p>Armando Portuguez Fuentes se pronunci\u00f3 a favor del modelo del Mando \u00danico Policial, al compartir lo manifestado por el gobernador Eruviel \u00c1vila Villegas, quien asegur\u00f3 que en la lucha contra la inseguridad \u201cnadie puede solo\u201d.<\/p>\n","protected":false},"author":3,"featured_media":271272,"comment_status":"open","ping_status":"open","sticky":false,"template":"","format":"standard","meta":{"_monsterinsights_skip_tracking":false,"_monsterinsights_sitenote_active":false,"_monsterinsights_sitenote_note":"","_monsterinsights_sitenote_category":0,"footnotes":""},"categories":[35155],"tags":[43675,3802],"class_list":["post-271183","post","type-post","status-publish","format-standard","has-post-thumbnail","hentry","category-estado-de-mexico-estado-de-mexico","tag-estado-de-mexico","tag-tultepec"],"_links":{"self":[{"href":"https:\/\/www.diarioimagen.net\/index.php?rest_route=\/wp\/v2\/posts\/271183","targetHints":{"allow":["GET"]}}],"collection":[{"href":"https:\/\/www.diarioimagen.net\/index.php?rest_route=\/wp\/v2\/posts"}],"about":[{"href":"https:\/\/www.diarioimagen.net\/index.php?rest_route=\/wp\/v2\/types\/post"}],"author":[{"embeddable":true,"href":"https:\/\/www.diarioimagen.net\/index.php?rest_route=\/wp\/v2\/users\/3"}],"replies":[{"embeddable":true,"href":"https:\/\/www.diarioimagen.net\/index.php?rest_route=%2Fwp%2Fv2%2Fcomments&post=271183"}],"version-history":[{"count":0,"href":"https:\/\/www.diarioimagen.net\/index.php?rest_route=\/wp\/v2\/posts\/271183\/revisions"}],"wp:featuredmedia":[{"embeddable":true,"href":"https:\/\/www.diarioimagen.net\/index.php?rest_route=\/wp\/v2\/media\/271272"}],"wp:attachment":[{"href":"https:\/\/www.diarioimagen.net\/index.php?rest_route=%2Fwp%2Fv2%2Fmedia&parent=271183"}],"wp:term":[{"taxonomy":"category","embeddable":true,"href":"https:\/\/www.diarioimagen.net\/index.php?rest_route=%2Fwp%2Fv2%2Fcategories&post=271183"},{"taxonomy":"post_tag","embeddable":true,"href":"https:\/\/www.diarioimagen.net\/index.php?rest_route=%2Fwp%2Fv2%2Ftags&post=271183"}],"curies":[{"name":"wp","href":"https:\/\/api.w.org\/{rel}","templated":true}]}}