{"id":271196,"date":"2016-05-26T00:09:26","date_gmt":"2016-05-26T05:09:26","guid":{"rendered":"http:\/\/www.diarioimagen.net\/?p=271196"},"modified":"2016-05-26T04:46:58","modified_gmt":"2016-05-26T09:46:58","slug":"miguel-angel-mancera-suspende-planta-de-asfalto","status":"publish","type":"post","link":"https:\/\/www.diarioimagen.net\/?p=271196","title":{"rendered":"Miguel \u00c1ngel Mancera suspende planta de asfalto"},"content":{"rendered":"<ul>\n<li><strong><em>Plan verde para modernizarla<\/em><\/strong><\/li>\n<\/ul>\n<p>&nbsp;<\/p>\n<div id=\"attachment_271303\" style=\"width: 430px\" class=\"wp-caption aligncenter\"><a href=\"http:\/\/www.diarioimagen.net\/?attachment_id=271303\" rel=\"attachment wp-att-271303\"><img loading=\"lazy\" decoding=\"async\" aria-describedby=\"caption-attachment-271303\" class=\"size-large wp-image-271303\" src=\"http:\/\/www.diarioimagen.net\/wp-content\/uploads\/2016\/05\/mancera-2875-420x280.jpg\" alt=\"Miguel \u00c1ngel Mancera afirma que su gobierno lleva a cabo acciones permanentes para atender la reducci\u00f3n de contaminaci\u00f3n en la Ciudad de M\u00e9xico.\" width=\"420\" height=\"280\" srcset=\"https:\/\/www.diarioimagen.net\/wp-content\/uploads\/2016\/05\/mancera-2875-420x280.jpg 420w, https:\/\/www.diarioimagen.net\/wp-content\/uploads\/2016\/05\/mancera-2875-240x160.jpg 240w, https:\/\/www.diarioimagen.net\/wp-content\/uploads\/2016\/05\/mancera-2875-768x512.jpg 768w, https:\/\/www.diarioimagen.net\/wp-content\/uploads\/2016\/05\/mancera-2875.jpg 1200w\" sizes=\"auto, (max-width: 420px) 100vw, 420px\" \/><\/a><p id=\"caption-attachment-271303\" class=\"wp-caption-text\">Miguel \u00c1ngel Mancera afirma que su gobierno lleva a cabo acciones permanentes para atender la reducci\u00f3n de contaminaci\u00f3n en la Ciudad de M\u00e9xico.<\/p><\/div>\n<p>&nbsp;<\/p>\n<p>El jefe de gobierno de la Ciudad de M\u00e9xico, Miguel \u00c1ngel Mancera Espinosa, orden\u00f3 la suspensi\u00f3n de actividades de la Planta de Asfalto en Coyoac\u00e1n para eliminar la emisi\u00f3n de 20 toneladas de precursor de ozono al a\u00f1o.<\/p>\n<p>En este complejo se produc\u00eda el 60 por ciento de la emulsi\u00f3n que requiere la Ciudad de M\u00e9xico para bacheo y pavimentaci\u00f3n.<\/p>\n<p>\u201cSe implementan las medidas para transformar este espacio p\u00fablico en un lugar de protecci\u00f3n al medio ambiente\u201d, se\u00f1ala un letrero instalado durante un evento encabezado por Mancera Espinosa.<\/p>\n<p>La f\u00e1brica se ubica en un predio de 16 hect\u00e1reas en Avenida del Im\u00e1n 263, colonia Ajusco.<\/p>\n<p>\u201cLo que queremos evitar es que esta planta de asfalto est\u00e9 generando m\u00e1s de 20 toneladas de precursor de ozono, es decir, de \u00f3xidos de nitr\u00f3geno, y m\u00e1s de 10 mil toneladas de CO2\u201d, se\u00f1al\u00f3.<\/p>\n<p>Ante los 300 trabajadores de la planta, Mancera garantiz\u00f3 que seguir\u00e1n teniendo su salario y capacitaci\u00f3n durante el tiempo que requiere la modernizaci\u00f3n.<\/p>\n<p>Tras insistir que su gobierno lleva a cabo acciones permanentes para atender la reducci\u00f3n de contaminaci\u00f3n que enfrenta la ciudad y decisiones por la salud de la poblaci\u00f3n, destac\u00f3 que la modernizaci\u00f3n est\u00e1 enfocada a la reestructuraci\u00f3n del proceso de elaboraci\u00f3n del asfalto ante los altos \u00edndices de contaminaci\u00f3n que emite.<\/p>\n<p>\u201cEsta tarea de reestructurar el proceso del asfalto en la Ciudad de M\u00e9xico, implica un cambio sustancial, queremos que aqu\u00ed se deje de producir, no el asfalto, no es ese el punto primordial, lo que queremos evitar es que esta planta de asfalto est\u00e9 generando m\u00e1s de 20 toneladas de precursor de ozono, es decir, \u00f3xidos de nitr\u00f3geno que son precursores de ozono y m\u00e1s de 10 mil toneladas de di\u00f3xido de carbono equivalente\u201d.<\/p>\n<p>Destac\u00f3 la atenci\u00f3n t\u00e9cnica y reestructuraci\u00f3n que tendr\u00e1 para controlar que sea un foco de contaminaci\u00f3n, pues ser\u00e1 un proyecto verde, son medidas directas por la salud de los trabajadores de este centro de asfalto, as\u00ed como de manera ampliada a vecinos y en general para la ciudad.<\/p>\n<p>Durante un recorrido por la planta de asfalto ubicada en Avenida del Im\u00e1n, dijo que una vez que se cuente con el proyecto t\u00e9cnico e inicien los trabajos, no se afectar\u00e1 a los trabajadores de la planta, quienes tendr\u00e1n capacitaci\u00f3n sin suspensi\u00f3n de sueldos y prestaciones.<\/p>\n<p>&nbsp;<\/p>\n","protected":false},"excerpt":{"rendered":"<p>El jefe de gobierno de la Ciudad de M\u00e9xico, Miguel \u00c1ngel Mancera Espinosa, orden\u00f3 la suspensi\u00f3n de actividades de la Planta de Asfalto en Coyoac\u00e1n para eliminar la emisi\u00f3n de 20 toneladas de precursor de ozono al a\u00f1o. En este complejo se produc\u00eda el 60 por ciento de la emulsi\u00f3n que requiere la Ciudad de M\u00e9xico para bacheo y pavimentaci\u00f3n.<\/p>\n","protected":false},"author":3,"featured_media":271303,"comment_status":"open","ping_status":"open","sticky":false,"template":"","format":"standard","meta":{"_monsterinsights_skip_tracking":false,"_monsterinsights_sitenote_active":false,"_monsterinsights_sitenote_note":"","_monsterinsights_sitenote_category":0,"footnotes":""},"categories":[6],"tags":[204,5314],"class_list":["post-271196","post","type-post","status-publish","format-standard","has-post-thumbnail","hentry","category-cd-de-mexico","tag-ciudad-de-mexico","tag-miguel-angel-mancera-espinosa"],"_links":{"self":[{"href":"https:\/\/www.diarioimagen.net\/index.php?rest_route=\/wp\/v2\/posts\/271196","targetHints":{"allow":["GET"]}}],"collection":[{"href":"https:\/\/www.diarioimagen.net\/index.php?rest_route=\/wp\/v2\/posts"}],"about":[{"href":"https:\/\/www.diarioimagen.net\/index.php?rest_route=\/wp\/v2\/types\/post"}],"author":[{"embeddable":true,"href":"https:\/\/www.diarioimagen.net\/index.php?rest_route=\/wp\/v2\/users\/3"}],"replies":[{"embeddable":true,"href":"https:\/\/www.diarioimagen.net\/index.php?rest_route=%2Fwp%2Fv2%2Fcomments&post=271196"}],"version-history":[{"count":0,"href":"https:\/\/www.diarioimagen.net\/index.php?rest_route=\/wp\/v2\/posts\/271196\/revisions"}],"wp:featuredmedia":[{"embeddable":true,"href":"https:\/\/www.diarioimagen.net\/index.php?rest_route=\/wp\/v2\/media\/271303"}],"wp:attachment":[{"href":"https:\/\/www.diarioimagen.net\/index.php?rest_route=%2Fwp%2Fv2%2Fmedia&parent=271196"}],"wp:term":[{"taxonomy":"category","embeddable":true,"href":"https:\/\/www.diarioimagen.net\/index.php?rest_route=%2Fwp%2Fv2%2Fcategories&post=271196"},{"taxonomy":"post_tag","embeddable":true,"href":"https:\/\/www.diarioimagen.net\/index.php?rest_route=%2Fwp%2Fv2%2Ftags&post=271196"}],"curies":[{"name":"wp","href":"https:\/\/api.w.org\/{rel}","templated":true}]}}