{"id":271204,"date":"2016-05-26T00:03:38","date_gmt":"2016-05-26T05:03:38","guid":{"rendered":"http:\/\/www.diarioimagen.net\/?p=271204"},"modified":"2016-05-26T22:36:14","modified_gmt":"2016-05-27T03:36:14","slug":"banco-de-mexico-destaca-dinamismo-de-la-economia","status":"publish","type":"post","link":"https:\/\/www.diarioimagen.net\/?p=271204","title":{"rendered":"Banco de M\u00e9xico destaca dinamismo de la econom\u00eda"},"content":{"rendered":"<ul>\n<li><strong><em>En los primeros meses del a\u00f1o<\/em><\/strong><\/li>\n<\/ul>\n<p>&nbsp;<\/p>\n<div id=\"attachment_271296\" style=\"width: 430px\" class=\"wp-caption aligncenter\"><a href=\"http:\/\/www.diarioimagen.net\/?attachment_id=271296\" rel=\"attachment wp-att-271296\"><img loading=\"lazy\" decoding=\"async\" aria-describedby=\"caption-attachment-271296\" class=\"size-large wp-image-271296\" src=\"http:\/\/www.diarioimagen.net\/wp-content\/uploads\/2016\/05\/BANXICO-2875-420x236.jpg\" alt=\"Agust\u00edn Carstens, gobernador del Banco de M\u00e9xico, neg\u00f3 que existan ataques especulativos sobre el tipo de cambio.\" width=\"420\" height=\"236\" srcset=\"https:\/\/www.diarioimagen.net\/wp-content\/uploads\/2016\/05\/BANXICO-2875-420x236.jpg 420w, https:\/\/www.diarioimagen.net\/wp-content\/uploads\/2016\/05\/BANXICO-2875-240x135.jpg 240w, https:\/\/www.diarioimagen.net\/wp-content\/uploads\/2016\/05\/BANXICO-2875-235x132.jpg 235w, https:\/\/www.diarioimagen.net\/wp-content\/uploads\/2016\/05\/BANXICO-2875-202x114.jpg 202w, https:\/\/www.diarioimagen.net\/wp-content\/uploads\/2016\/05\/BANXICO-2875-350x196.jpg 350w, https:\/\/www.diarioimagen.net\/wp-content\/uploads\/2016\/05\/BANXICO-2875-220x123.jpg 220w, https:\/\/www.diarioimagen.net\/wp-content\/uploads\/2016\/05\/BANXICO-2875-237x132.jpg 237w, https:\/\/www.diarioimagen.net\/wp-content\/uploads\/2016\/05\/BANXICO-2875.jpg 480w\" sizes=\"auto, (max-width: 420px) 100vw, 420px\" \/><\/a><p id=\"caption-attachment-271296\" class=\"wp-caption-text\">Agust\u00edn Carstens, gobernador del Banco de M\u00e9xico, neg\u00f3 que existan ataques especulativos sobre el tipo de cambio.<\/p><\/div>\n<p>&nbsp;<\/p>\n<p>El Banco de M\u00e9xico (Banxico) mantuvo sin cambio su estimado de crecimiento de la econom\u00eda para 2016 en un rango de 2.0 a 3.0 por ciento, ante el dinamismo que mostr\u00f3 la actividad econ\u00f3mica en los primeros meses del a\u00f1o.<\/p>\n<p>En su Informe Trimestral de enero-marzo de 2016, expone: \u201cEl mayor dinamismo de la actividad econ\u00f3mica que se observ\u00f3 en el primer trimestre de 2016 sugiere cierta mejor\u00eda en el panorama para el crecimiento de este a\u00f1o, si bien a\u00fan no justifica una revisi\u00f3n al intervalo de pron\u00f3stico\u201d.<\/p>\n<p>As\u00ed, destaca que \u201cse contin\u00faa previendo que el PIB de M\u00e9xico crezca entre 2.0 y 3.0 por ciento en 2016\u201d, aunque para 2017 se hizo un ajuste a la baja al pasar de un rango de entre 2.5 y 3.5 por ciento a uno de entre 2.3 a 3.3 por ciento.<\/p>\n<p>En cuanto a la inflaci\u00f3n, el instituto central indica que las condiciones inflacionarias en la econom\u00eda contin\u00faan siendo favorables, de tal forma que la inflaci\u00f3n oscila alrededor de la meta permanente, aunado a que las expectativas de inflaci\u00f3n de mediano y largo plazos permanecen ancladas en dicha meta durante el resto de 2016 y 2017.<\/p>\n<p>En particular, se espera que la inflaci\u00f3n general anual se mantenga en los siguientes meses en niveles por debajo de 3.0 por ciento, aunque en los \u00faltimos meses del a\u00f1o podr\u00eda superar de forma transitoria esa cifra.<\/p>\n<p style=\"text-align: center;\"><strong>Niegan ataques\u00a0<\/strong><strong>especulativos sobre\u00a0<\/strong><strong>el tipo de cambio<\/strong><\/p>\n<p>El gobernador del Banco de M\u00e9xico (Banxico), Agust\u00edn Carstens, neg\u00f3 que existan ataques especulativos sobre el tipo de cambio, que por el contrario, es el amortiguador de los choques externos que impactan a la econom\u00eda mexicana.<\/p>\n<p>\u201cNo estamos viendo un ataque especulativo. Los ataques especulativos normalmente se presentan cuando se est\u00e1 especulando contra alguna decisi\u00f3n que tome el Banco Central y en este caso no los estamos viendo\u201d, dijo en conferencia de prensa.<\/p>\n<p>Durante la presentaci\u00f3n del Informe Trimestral Enero-Marzo 2016, el banquero central indic\u00f3 que la depreciaci\u00f3n del tipo de cambio en las \u00faltimas semanas no es un fen\u00f3meno exclusivo de M\u00e9xico, sino va acompa\u00f1ado con lo que sucede en otros pa\u00edses.<\/p>\n<p>\u201cSin duda hemos visto una depreciaci\u00f3n en las \u00faltimas semanas del tipo de cambio, no pienso que sea un fen\u00f3meno exclusivo de M\u00e9xico, es un patr\u00f3n muy similar al que han seguido otras divisas, es una cuesti\u00f3n de horizonte en el tiempo\u201d, dijo.<\/p>\n<p>Explic\u00f3 que la afectaci\u00f3n del peso frente a otras moneda se debe a que es uno de los mercados m\u00e1s l\u00edquidos, y hay fen\u00f3menos que explican la depreciaci\u00f3n como el r\u00e9gimen de tipo de cambio flotante, y este es uno de los factores que ayudan a la econom\u00eda mexicana a absorber los choques externos.<\/p>\n<p>\u201cEstaremos muy al pendiente del desempe\u00f1o del tipo de cambio y del posible impacto que se tenga sobre la inflaci\u00f3n esperada y tambi\u00e9n nos mantendremos muy al pendiente de las decisiones de la Reserva Federal\u201d.<\/p>\n<p>En este sentido, indic\u00f3 que el Instituto central tomar\u00e1 las decisiones de la manera m\u00e1s objetiva posible sobre los ajustes en la pol\u00edtica monetaria, confiando en que el alza de tasas de inter\u00e9s no ser\u00e1 de manera adelantada y que s\u00f3lo habr\u00e1 una intervenci\u00f3n emergente en el mercado si se presentan condiciones extraordinarias.<\/p>\n<p>Reiter\u00f3 que se observar\u00e1n \u201clos fen\u00f3menos que se presenten y con una alt\u00edsima esperanza de que esto se haga bajo el calendario normal de decisiones de la pol\u00edtica monetaria\u201d.<\/p>\n<p>Al destacar que el reto para M\u00e9xico en estos momentos es estar funcionando en un entorno de bajo crecimiento global y un estancamiento en el comercio mundial, hizo \u00e9nfasis en preservar los fundamentos macroecon\u00f3micos del pa\u00eds y que se eficiente la instrumentaci\u00f3n de las reformas estructurales como fuente interna de crecimiento.<\/p>\n<p>&nbsp;<\/p>\n","protected":false},"excerpt":{"rendered":"<p>El Banco de M\u00e9xico (Banxico) mantuvo sin cambio su estimado de crecimiento de la econom\u00eda para 2016 en un rango de 2.0 a 3.0 por ciento, ante el dinamismo que mostr\u00f3 la actividad econ\u00f3mica en los primeros meses del a\u00f1o.<\/p>\n","protected":false},"author":3,"featured_media":271296,"comment_status":"open","ping_status":"open","sticky":false,"template":"","format":"standard","meta":{"_monsterinsights_skip_tracking":false,"_monsterinsights_sitenote_active":false,"_monsterinsights_sitenote_note":"","_monsterinsights_sitenote_category":0,"footnotes":""},"categories":[8],"tags":[23098,1520,41107,43678],"class_list":["post-271204","post","type-post","status-publish","format-standard","has-post-thumbnail","hentry","category-finanzas","tag-agustin-carstens-carstens","tag-banco-de-mexico","tag-dinamismo","tag-finanzas"],"_links":{"self":[{"href":"https:\/\/www.diarioimagen.net\/index.php?rest_route=\/wp\/v2\/posts\/271204","targetHints":{"allow":["GET"]}}],"collection":[{"href":"https:\/\/www.diarioimagen.net\/index.php?rest_route=\/wp\/v2\/posts"}],"about":[{"href":"https:\/\/www.diarioimagen.net\/index.php?rest_route=\/wp\/v2\/types\/post"}],"author":[{"embeddable":true,"href":"https:\/\/www.diarioimagen.net\/index.php?rest_route=\/wp\/v2\/users\/3"}],"replies":[{"embeddable":true,"href":"https:\/\/www.diarioimagen.net\/index.php?rest_route=%2Fwp%2Fv2%2Fcomments&post=271204"}],"version-history":[{"count":0,"href":"https:\/\/www.diarioimagen.net\/index.php?rest_route=\/wp\/v2\/posts\/271204\/revisions"}],"wp:featuredmedia":[{"embeddable":true,"href":"https:\/\/www.diarioimagen.net\/index.php?rest_route=\/wp\/v2\/media\/271296"}],"wp:attachment":[{"href":"https:\/\/www.diarioimagen.net\/index.php?rest_route=%2Fwp%2Fv2%2Fmedia&parent=271204"}],"wp:term":[{"taxonomy":"category","embeddable":true,"href":"https:\/\/www.diarioimagen.net\/index.php?rest_route=%2Fwp%2Fv2%2Fcategories&post=271204"},{"taxonomy":"post_tag","embeddable":true,"href":"https:\/\/www.diarioimagen.net\/index.php?rest_route=%2Fwp%2Fv2%2Ftags&post=271204"}],"curies":[{"name":"wp","href":"https:\/\/api.w.org\/{rel}","templated":true}]}}