{"id":271206,"date":"2016-05-26T00:05:35","date_gmt":"2016-05-26T05:05:35","guid":{"rendered":"http:\/\/www.diarioimagen.net\/?p=271206"},"modified":"2016-05-26T22:36:25","modified_gmt":"2016-05-27T03:36:25","slug":"convenio-para-proteger-a-compradores-via-electronica","status":"publish","type":"post","link":"https:\/\/www.diarioimagen.net\/?p=271206","title":{"rendered":"Convenio para proteger a compradores v\u00eda electr\u00f3nica"},"content":{"rendered":"<ul>\n<li><strong><em>Operaciones por 162 mil mdp al a\u00f1o<\/em><\/strong><\/li>\n<\/ul>\n<p>&nbsp;<\/p>\n<div id=\"attachment_271290\" style=\"width: 430px\" class=\"wp-caption aligncenter\"><a href=\"http:\/\/www.diarioimagen.net\/?attachment_id=271290\" rel=\"attachment wp-att-271290\"><img loading=\"lazy\" decoding=\"async\" aria-describedby=\"caption-attachment-271290\" class=\"size-large wp-image-271290\" src=\"http:\/\/www.diarioimagen.net\/wp-content\/uploads\/2016\/05\/PROFECO-2875-420x236.jpg\" alt=\"El titular de la Profeco, Ernesto Nemer Alvarez, y la presidenta de la Amipci, Cintya Mart\u00ednez, suscribieron el convenio.\" width=\"420\" height=\"236\" srcset=\"https:\/\/www.diarioimagen.net\/wp-content\/uploads\/2016\/05\/PROFECO-2875-420x236.jpg 420w, https:\/\/www.diarioimagen.net\/wp-content\/uploads\/2016\/05\/PROFECO-2875-240x135.jpg 240w, https:\/\/www.diarioimagen.net\/wp-content\/uploads\/2016\/05\/PROFECO-2875-480x270.jpg 480w, https:\/\/www.diarioimagen.net\/wp-content\/uploads\/2016\/05\/PROFECO-2875-235x132.jpg 235w, https:\/\/www.diarioimagen.net\/wp-content\/uploads\/2016\/05\/PROFECO-2875-202x114.jpg 202w, https:\/\/www.diarioimagen.net\/wp-content\/uploads\/2016\/05\/PROFECO-2875-350x196.jpg 350w, https:\/\/www.diarioimagen.net\/wp-content\/uploads\/2016\/05\/PROFECO-2875-220x123.jpg 220w, https:\/\/www.diarioimagen.net\/wp-content\/uploads\/2016\/05\/PROFECO-2875-237x132.jpg 237w, https:\/\/www.diarioimagen.net\/wp-content\/uploads\/2016\/05\/PROFECO-2875.jpg 700w\" sizes=\"auto, (max-width: 420px) 100vw, 420px\" \/><\/a><p id=\"caption-attachment-271290\" class=\"wp-caption-text\">El titular de la Profeco, Ernesto Nemer Alvarez, y la presidenta de la Amipci, Cintya Mart\u00ednez, suscribieron el convenio.<\/p><\/div>\n<p>&nbsp;<\/p>\n<p>La Procuradur\u00eda Federal del Consumidor (Profeco) y la Asociaci\u00f3n Mexicana de Internet (Amipci) suscribieron un convenio de colaboraci\u00f3n para establecer criterios comunes para proteger y brindar seguridad a los consumidores que compran v\u00eda electr\u00f3nica.<\/p>\n<p>La Profeco explic\u00f3 que el documento suscrito por el titular de la Profeco, Ernesto Nemer Alvarez, y la presidenta de la Amipci, Cintya Mart\u00ednez, se enmarca ante el desaf\u00edo que representa el crecimiento en el uso de la tecnolog\u00eda en la actividad econ\u00f3mica y el comercio.<\/p>\n<p>Se\u00f1al\u00f3 que ambas instancias se comprometieron a promover pr\u00e1cticas que permitan impulsar el desarrollo de la econom\u00eda digital en M\u00e9xico, en un entorno seguro y confiable para los consumidores de productos y servicios comercializados por medio de Internet.<\/p>\n<p>Adem\u00e1s, estableci\u00f3 los lineamientos para promover, con base en la experiencia mundial y las recomendaciones de organismos especializados, pr\u00e1cticas de transparencia, publicidad, as\u00ed como de t\u00e9rminos y condiciones en las transacciones de comercio electr\u00f3nico, aplicables conforme a la normatividad mexicana.<\/p>\n<p>En su participaci\u00f3n, el procurador Nemer abund\u00f3 que es indispensable desarrollar pol\u00edticas p\u00fablicas que puedan dar mayor dinamismo al comercio electr\u00f3nico y que a su vez sean un factor de fortaleza para las empresas, de acuerdo con el Plan Nacional de Desarrollo implementado por el gobierno de la Rep\u00fablica.<\/p>\n<p>Explic\u00f3 que en 2015, las transacciones de comercio electr\u00f3nico en M\u00e9xico alcanzaron 162 mil millones de pesos, lo que ubica a M\u00e9xico en el lugar 17 de las naciones m\u00e1s atractivas para hacer negocios v\u00eda Internet.<\/p>\n<p>Por ello, dijo, el presidente Enrique Pe\u00f1a Nieto y el secretario de Econom\u00eda, Ildefonso Guajardo, tienen como prioridad el impulso a la actividad productiva, mediante el entorno digital.<\/p>\n<p>Abund\u00f3 que con la firma de este documento, ambas instituciones se comprometen a intercambiar informaci\u00f3n en materia del uso de Internet en M\u00e9xico, la econom\u00eda digital, el comercio electr\u00f3nico y la ciberseguridad, entre otros temas; adem\u00e1s de que buscar\u00e1n promover la digitalizaci\u00f3n en los servicios de gobierno.<\/p>\n<p>Uno de los factores clave para la prevenci\u00f3n de quejas, destac\u00f3 el titular de la Profeco, es la adecuada capacitaci\u00f3n a los proveedores sobre los derechos que deben respetar.<\/p>\n<p>&nbsp;<\/p>\n","protected":false},"excerpt":{"rendered":"<p>La Procuradur\u00eda Federal del Consumidor (Profeco) y la Asociaci\u00f3n Mexicana de Internet (Amipci) suscribieron un convenio de colaboraci\u00f3n para establecer criterios comunes para proteger y brindar seguridad a los consumidores que compran v\u00eda electr\u00f3nica.<\/p>\n","protected":false},"author":3,"featured_media":271290,"comment_status":"open","ping_status":"open","sticky":false,"template":"","format":"standard","meta":{"_monsterinsights_skip_tracking":false,"_monsterinsights_sitenote_active":false,"_monsterinsights_sitenote_note":"","_monsterinsights_sitenote_category":0,"footnotes":""},"categories":[8],"tags":[1495,356],"class_list":["post-271206","post","type-post","status-publish","format-standard","has-post-thumbnail","hentry","category-finanzas","tag-ernesto-nemer-alvarez","tag-profeco"],"_links":{"self":[{"href":"https:\/\/www.diarioimagen.net\/index.php?rest_route=\/wp\/v2\/posts\/271206","targetHints":{"allow":["GET"]}}],"collection":[{"href":"https:\/\/www.diarioimagen.net\/index.php?rest_route=\/wp\/v2\/posts"}],"about":[{"href":"https:\/\/www.diarioimagen.net\/index.php?rest_route=\/wp\/v2\/types\/post"}],"author":[{"embeddable":true,"href":"https:\/\/www.diarioimagen.net\/index.php?rest_route=\/wp\/v2\/users\/3"}],"replies":[{"embeddable":true,"href":"https:\/\/www.diarioimagen.net\/index.php?rest_route=%2Fwp%2Fv2%2Fcomments&post=271206"}],"version-history":[{"count":0,"href":"https:\/\/www.diarioimagen.net\/index.php?rest_route=\/wp\/v2\/posts\/271206\/revisions"}],"wp:featuredmedia":[{"embeddable":true,"href":"https:\/\/www.diarioimagen.net\/index.php?rest_route=\/wp\/v2\/media\/271290"}],"wp:attachment":[{"href":"https:\/\/www.diarioimagen.net\/index.php?rest_route=%2Fwp%2Fv2%2Fmedia&parent=271206"}],"wp:term":[{"taxonomy":"category","embeddable":true,"href":"https:\/\/www.diarioimagen.net\/index.php?rest_route=%2Fwp%2Fv2%2Fcategories&post=271206"},{"taxonomy":"post_tag","embeddable":true,"href":"https:\/\/www.diarioimagen.net\/index.php?rest_route=%2Fwp%2Fv2%2Ftags&post=271206"}],"curies":[{"name":"wp","href":"https:\/\/api.w.org\/{rel}","templated":true}]}}