{"id":271326,"date":"2016-05-27T00:02:06","date_gmt":"2016-05-27T05:02:06","guid":{"rendered":"http:\/\/www.diarioimagen.net\/?p=271326"},"modified":"2016-05-29T22:07:14","modified_gmt":"2016-05-30T03:07:14","slug":"contaminacion-no-es-exclusiva-de-cdmx-mancera","status":"publish","type":"post","link":"https:\/\/www.diarioimagen.net\/?p=271326","title":{"rendered":"Contaminaci\u00f3n no es exclusiva de CDMX"},"content":{"rendered":"<ul>\n<li><strong><em>Mancera, por llevar tema a la agenda nacional<\/em><\/strong><\/li>\n<\/ul>\n<p>&nbsp;<\/p>\n<div id=\"attachment_271327\" style=\"width: 430px\" class=\"wp-caption aligncenter\"><a href=\"http:\/\/www.diarioimagen.net\/?attachment_id=271327\" rel=\"attachment wp-att-271327\"><img loading=\"lazy\" decoding=\"async\" aria-describedby=\"caption-attachment-271327\" class=\"size-large wp-image-271327\" src=\"http:\/\/www.diarioimagen.net\/wp-content\/uploads\/2016\/05\/MANCERA27-portal-420x236.jpg\" alt=\"PATA Miguel \u00c1ngel Mancera plantea que la lucha contra la contaminaci\u00f3n debe estar en la agenda nacional. \" width=\"420\" height=\"236\" srcset=\"https:\/\/www.diarioimagen.net\/wp-content\/uploads\/2016\/05\/MANCERA27-portal-420x236.jpg 420w, https:\/\/www.diarioimagen.net\/wp-content\/uploads\/2016\/05\/MANCERA27-portal-240x135.jpg 240w, https:\/\/www.diarioimagen.net\/wp-content\/uploads\/2016\/05\/MANCERA27-portal-235x132.jpg 235w, https:\/\/www.diarioimagen.net\/wp-content\/uploads\/2016\/05\/MANCERA27-portal-202x114.jpg 202w, https:\/\/www.diarioimagen.net\/wp-content\/uploads\/2016\/05\/MANCERA27-portal-350x196.jpg 350w, https:\/\/www.diarioimagen.net\/wp-content\/uploads\/2016\/05\/MANCERA27-portal-220x123.jpg 220w, https:\/\/www.diarioimagen.net\/wp-content\/uploads\/2016\/05\/MANCERA27-portal-237x132.jpg 237w, https:\/\/www.diarioimagen.net\/wp-content\/uploads\/2016\/05\/MANCERA27-portal.jpg 480w\" sizes=\"auto, (max-width: 420px) 100vw, 420px\" \/><\/a><p id=\"caption-attachment-271327\" class=\"wp-caption-text\">Miguel \u00c1ngel Mancera plantea que la lucha contra la contaminaci\u00f3n debe estar en la agenda nacional.<\/p><\/div>\n<p>&nbsp;<\/p>\n<p>El problema de la contaminaci\u00f3n ambiental no es exclusivo de la Ciudad de M\u00e9xico, pues hay otras entidades m\u00e1s contaminadas, adem\u00e1s de que el tema debe estar en la agenda nacional, afirm\u00f3 el jefe del gobierno capitalino, Miguel \u00c1ngel Mancera.<\/p>\n<p>\u201cLa lucha contra el cambio clim\u00e1tico y la lucha contra la contaminaci\u00f3n debe estar en la agenda nacional y nos deber\u00edamos estar preguntando que se est\u00e1 haciendo en las dem\u00e1s ciudades del pa\u00eds y qu\u00e9 se est\u00e1 haciendo en las ciudades circunvecinas\u201d, remarc\u00f3.<\/p>\n<p>Subray\u00f3 que en la capital del pa\u00eds se trabaja para mejorar la calidad del aire la que, dijo, ahora est\u00e1 mejor que hace 10 a\u00f1os y lo seguir\u00e1 estando, por lo que los otros estados tambi\u00e9n deben ser cuestionados sobre sus acciones para abatir la contaminaci\u00f3n ambiental.<\/p>\n<p>Tambi\u00e9n dijo que se debe cuestionar lo que se hace desde el punto de vista presupuestal \u201c\u00bfPor qu\u00e9 no tenemos claridad con los fondos verdes, por qu\u00e9 las restricciones vehiculares solamente est\u00e1n aqu\u00ed cuando hay otras ciudades que tienen el triple de puntos de PM10 que la Ciudad de M\u00e9xico y no se hace nada\u201d.<\/p>\n<p>Al presidir el acto Reforestaci\u00f3n CDMX Mancera Espinosa tambi\u00e9n critic\u00f3 que sin medidas previas las autoridades sanitarias redujeran los par\u00e1metros de contaminaci\u00f3n de 180 a 150 puntos lo que, a su juicio, se aprovecha para campa\u00f1as negativas contra la ciudad.<\/p>\n<p>\u201c\u00bfQu\u00e9 fue lo que sucedi\u00f3 que ahora nos exigen m\u00e1s. Qu\u00e9 fue lo que pas\u00f3, que un buen d\u00eda en el Diario Oficial apareci\u00f3 publicada una norma por la Cofepris y en lugar de tener 180 para precontingencias baj\u00f3 a 150, 30 puntos de un d\u00eda para otro, sin medidas previas\u201d.<\/p>\n<p>Insisti\u00f3 que pese a ello la ciudad acata todas esas decisiones porque son en beneficio de la poblaci\u00f3n, \u201caunque ha sido una lucha que la Ciudad de M\u00e9xico ha estado haciendo sola\u201d.<\/p>\n<p>El jefe de gobierno remarc\u00f3 que \u201cla Ciudad de M\u00e9xico no es la ciudad m\u00e1s contaminada de M\u00e9xico. Estamos en el lugar siete, lugar ocho, a nivel nacional; estamos por ah\u00ed del lugar 400 y algo a nivel mundial. Lo cual quiere decir que en la ciudad se ha estado trabajando\u201d.<\/p>\n<p style=\"text-align: center;\"><strong>Critican medida contra acoso<\/strong><\/p>\n<p>La propuesta del jefe de gobierno para combatir el acoso en la Ciudad de M\u00e9xico con un silbato desat\u00f3 chiflidos y burlas.<\/p>\n<p>El anuncio del mandayario capitalino para entregar esta herramienta a las mujeres se posicion\u00f3 con el trending topic #ElPitoDeMancera.<\/p>\n<p>El mandatario fue criticado por responder con una propuesta como \u00e9sta a la movilizaci\u00f3n #VivasNosQueremos y numerosas denuncias de acoso exhibidas en redes sociales.<\/p>\n<p>Mancera: toma este silbato, ironiz\u00f3 Andrea Noel, quien en pleno D\u00eda Internacional de la Mujer fue agredida sexualmente en la Condesa, donde un tipo le baj\u00f3 los calzones y se ech\u00f3 a correr.<\/p>\n<p>En el mismo sentido tuite\u00f3 @almejamorfosi: \u00abMancera pens\u00f3 que para no ser agredidas nos ten\u00eda que dar exactamente lo que no tenemos: un pito\u00bb.<\/p>\n","protected":false},"excerpt":{"rendered":"<p>El problema de la contaminaci\u00f3n ambiental no es exclusivo de la Ciudad de M\u00e9xico, pues hay otras entidades m\u00e1s contaminadas, adem\u00e1s de que el tema debe estar en la agenda nacional, afirm\u00f3 el jefe del gobierno capitalino, Miguel \u00c1ngel Mancera.<\/p>\n","protected":false},"author":5,"featured_media":271327,"comment_status":"open","ping_status":"open","sticky":false,"template":"","format":"standard","meta":{"_monsterinsights_skip_tracking":false,"_monsterinsights_sitenote_active":false,"_monsterinsights_sitenote_note":"","_monsterinsights_sitenote_category":0,"footnotes":""},"categories":[6],"tags":[34444,204,15420,5314],"class_list":["post-271326","post","type-post","status-publish","format-standard","has-post-thumbnail","hentry","category-cd-de-mexico","tag-cdmx","tag-ciudad-de-mexico","tag-contaminacion","tag-miguel-angel-mancera-espinosa"],"_links":{"self":[{"href":"https:\/\/www.diarioimagen.net\/index.php?rest_route=\/wp\/v2\/posts\/271326","targetHints":{"allow":["GET"]}}],"collection":[{"href":"https:\/\/www.diarioimagen.net\/index.php?rest_route=\/wp\/v2\/posts"}],"about":[{"href":"https:\/\/www.diarioimagen.net\/index.php?rest_route=\/wp\/v2\/types\/post"}],"author":[{"embeddable":true,"href":"https:\/\/www.diarioimagen.net\/index.php?rest_route=\/wp\/v2\/users\/5"}],"replies":[{"embeddable":true,"href":"https:\/\/www.diarioimagen.net\/index.php?rest_route=%2Fwp%2Fv2%2Fcomments&post=271326"}],"version-history":[{"count":0,"href":"https:\/\/www.diarioimagen.net\/index.php?rest_route=\/wp\/v2\/posts\/271326\/revisions"}],"wp:featuredmedia":[{"embeddable":true,"href":"https:\/\/www.diarioimagen.net\/index.php?rest_route=\/wp\/v2\/media\/271327"}],"wp:attachment":[{"href":"https:\/\/www.diarioimagen.net\/index.php?rest_route=%2Fwp%2Fv2%2Fmedia&parent=271326"}],"wp:term":[{"taxonomy":"category","embeddable":true,"href":"https:\/\/www.diarioimagen.net\/index.php?rest_route=%2Fwp%2Fv2%2Fcategories&post=271326"},{"taxonomy":"post_tag","embeddable":true,"href":"https:\/\/www.diarioimagen.net\/index.php?rest_route=%2Fwp%2Fv2%2Ftags&post=271326"}],"curies":[{"name":"wp","href":"https:\/\/api.w.org\/{rel}","templated":true}]}}