{"id":271336,"date":"2016-05-27T00:07:03","date_gmt":"2016-05-27T05:07:03","guid":{"rendered":"http:\/\/www.diarioimagen.net\/?p=271336"},"modified":"2016-05-26T23:26:13","modified_gmt":"2016-05-27T04:26:13","slug":"descarta-videgaray-intervencion-en-mercado-cambiario","status":"publish","type":"post","link":"https:\/\/www.diarioimagen.net\/?p=271336","title":{"rendered":"Descarta Videgaray intervenci\u00f3n en el mercado cambiario"},"content":{"rendered":"<ul>\n<li><strong><em>S\u00f3lo en casos excepcionales<\/em><\/strong><\/li>\n<\/ul>\n<p>&nbsp;<\/p>\n<div id=\"attachment_271337\" style=\"width: 430px\" class=\"wp-caption aligncenter\"><a href=\"http:\/\/www.diarioimagen.net\/?attachment_id=271337\" rel=\"attachment wp-att-271337\"><img loading=\"lazy\" decoding=\"async\" aria-describedby=\"caption-attachment-271337\" class=\"wp-image-271337 size-large\" src=\"http:\/\/www.diarioimagen.net\/wp-content\/uploads\/2016\/05\/MERCADO27-portal-420x236.jpg\" alt=\"Luis Videgaray afirm\u00f3 que las autoridades mexicanas intervendr\u00edan el mercado cambiario s\u00f3lo en circunstancias excepcionales.\" width=\"420\" height=\"236\" srcset=\"https:\/\/www.diarioimagen.net\/wp-content\/uploads\/2016\/05\/MERCADO27-portal-420x236.jpg 420w, https:\/\/www.diarioimagen.net\/wp-content\/uploads\/2016\/05\/MERCADO27-portal-240x135.jpg 240w, https:\/\/www.diarioimagen.net\/wp-content\/uploads\/2016\/05\/MERCADO27-portal-235x132.jpg 235w, https:\/\/www.diarioimagen.net\/wp-content\/uploads\/2016\/05\/MERCADO27-portal-202x114.jpg 202w, https:\/\/www.diarioimagen.net\/wp-content\/uploads\/2016\/05\/MERCADO27-portal-350x196.jpg 350w, https:\/\/www.diarioimagen.net\/wp-content\/uploads\/2016\/05\/MERCADO27-portal-220x123.jpg 220w, https:\/\/www.diarioimagen.net\/wp-content\/uploads\/2016\/05\/MERCADO27-portal-237x132.jpg 237w, https:\/\/www.diarioimagen.net\/wp-content\/uploads\/2016\/05\/MERCADO27-portal.jpg 480w\" sizes=\"auto, (max-width: 420px) 100vw, 420px\" \/><\/a><p id=\"caption-attachment-271337\" class=\"wp-caption-text\">Luis Videgaray afirm\u00f3 que las autoridades mexicanas intervendr\u00edan el mercado cambiario s\u00f3lo en circunstancias excepcionales.<\/p><\/div>\n<p>&nbsp;<\/p>\n<p>Las autoridades mexicanas intervendr\u00edan en el mercado cambiario s\u00f3lo en circunstancias excepcionales, ya que por ahora funciona de manera correcta, ordenada y con liquidez, se\u00f1al\u00f3 el secretario de Hacienda, Luis Videgaray Caso.<\/p>\n<p>Precis\u00f3 que al igual que el resto de las monedas emergentes, el peso mexicano refleja en la actualidad el aumento en la probabilidad que perciben los inversionistas de que la Reserva Federal (Fed) de Estados Unidos incremente sus tasas de inter\u00e9s.<\/p>\n<p>En particular, el mercado cambiario est\u00e1 funcionando de manera correcta, ordenada y con liquidez, destac\u00f3 tras participar en el trig\u00e9simo sexto periodo ordinario de la Comisi\u00f3n Econ\u00f3mica para Am\u00e9rica Latina y el Caribe (Cepal), el cual concluye aqu\u00ed este viernes.<\/p>\n<p>\u201cLas autoridades mexicanas, a trav\u00e9s de la Comisi\u00f3n de Cambios, intervendremos solamente en circunstancias excepcionales, donde se advierta una desviaci\u00f3n real, significativa, con respecto a los fundamentales\u201d, argument\u00f3.<\/p>\n<p>Videgaray Caso apunt\u00f3 que esto mismo fue expuesto el mi\u00e9rcoles por el gobernador del Banco de M\u00e9xico (Banxico), Agust\u00edn Carstens, junto con quien encabeza la Comisi\u00f3n de Cambios, organismo encargado de la pol\u00edtica cambiaria del pa\u00eds.<\/p>\n<p>A la pregunta de si a\u00fan es pronto para que M\u00e9xico suba sus tasas de inter\u00e9s ante la depreciaci\u00f3n que registra el tipo de cambio, el titular de la Secretar\u00eda de Hacienda y Cr\u00e9dito P\u00fablico (SHCP) precis\u00f3 que esa decisi\u00f3n corresponde s\u00f3lo al Banxico el cual, confi\u00f3, habr\u00e1 de tomar las decisiones correctas.<\/p>\n<p style=\"text-align: center;\"><strong>Propone mercado libre<\/strong><\/p>\n<p>Videgaray Caso plantea un mercado abierto, sin barreras y que garantice una mejor distribuci\u00f3n de los recursos es la respuesta al estancamiento econ\u00f3mico.<\/p>\n<p>El funcionario federal sostiene que el modelo de producci\u00f3n m\u00e1s eficiente para incentivar el crecimiento, en una coyuntura de aversi\u00f3n al riesgo y de cautela a partir de una recuperaci\u00f3n d\u00e9bil luego de la crisis de 2009, es la econom\u00eda libre.<\/p>\n<p>Durante su participaci\u00f3n en el trig\u00e9simo sexto periodo ordinario de la Comisi\u00f3n Econ\u00f3mica para Am\u00e9rica Latina y el Caribe (Cepal), expuso que es necesario acelerar los procesos de econom\u00eda de la destrucci\u00f3n creativa, que significa que lo nuevo sustituye a lo viejo en un proceso de innovaci\u00f3n, creaci\u00f3n de valor agregado y productividad.<\/p>\n","protected":false},"excerpt":{"rendered":"<p>Las autoridades mexicanas intervendr\u00edan en el mercado cambiario s\u00f3lo en circunstancias excepcionales, ya que por ahora funciona de manera correcta, ordenada y con liquidez, se\u00f1al\u00f3 el secretario de Hacienda, Luis Videgaray Caso.<\/p>\n","protected":false},"author":5,"featured_media":271337,"comment_status":"open","ping_status":"open","sticky":false,"template":"","format":"standard","meta":{"_monsterinsights_skip_tracking":false,"_monsterinsights_sitenote_active":false,"_monsterinsights_sitenote_note":"","_monsterinsights_sitenote_category":0,"footnotes":""},"categories":[8],"tags":[1520,43678,7517],"class_list":["post-271336","post","type-post","status-publish","format-standard","has-post-thumbnail","hentry","category-finanzas","tag-banco-de-mexico","tag-finanzas","tag-luis-videgaray-caso"],"_links":{"self":[{"href":"https:\/\/www.diarioimagen.net\/index.php?rest_route=\/wp\/v2\/posts\/271336","targetHints":{"allow":["GET"]}}],"collection":[{"href":"https:\/\/www.diarioimagen.net\/index.php?rest_route=\/wp\/v2\/posts"}],"about":[{"href":"https:\/\/www.diarioimagen.net\/index.php?rest_route=\/wp\/v2\/types\/post"}],"author":[{"embeddable":true,"href":"https:\/\/www.diarioimagen.net\/index.php?rest_route=\/wp\/v2\/users\/5"}],"replies":[{"embeddable":true,"href":"https:\/\/www.diarioimagen.net\/index.php?rest_route=%2Fwp%2Fv2%2Fcomments&post=271336"}],"version-history":[{"count":0,"href":"https:\/\/www.diarioimagen.net\/index.php?rest_route=\/wp\/v2\/posts\/271336\/revisions"}],"wp:featuredmedia":[{"embeddable":true,"href":"https:\/\/www.diarioimagen.net\/index.php?rest_route=\/wp\/v2\/media\/271337"}],"wp:attachment":[{"href":"https:\/\/www.diarioimagen.net\/index.php?rest_route=%2Fwp%2Fv2%2Fmedia&parent=271336"}],"wp:term":[{"taxonomy":"category","embeddable":true,"href":"https:\/\/www.diarioimagen.net\/index.php?rest_route=%2Fwp%2Fv2%2Fcategories&post=271336"},{"taxonomy":"post_tag","embeddable":true,"href":"https:\/\/www.diarioimagen.net\/index.php?rest_route=%2Fwp%2Fv2%2Ftags&post=271336"}],"curies":[{"name":"wp","href":"https:\/\/api.w.org\/{rel}","templated":true}]}}