{"id":271358,"date":"2016-05-26T21:59:39","date_gmt":"2016-05-27T02:59:39","guid":{"rendered":"http:\/\/www.diarioimagen.net\/?p=271358"},"modified":"2016-05-27T06:30:32","modified_gmt":"2016-05-27T11:30:32","slug":"sanchez-huerta-cuando-hablar-duele-callar-mata","status":"publish","type":"post","link":"https:\/\/www.diarioimagen.net\/?p=271358","title":{"rendered":"\u201cS\u00e1nchez Huerta\u201d, cuando hablar duele, callar mata"},"content":{"rendered":"<ul>\n<li><em><strong>Tres meses de temporada albergar\u00e1n este texto de Claudia R\u00edos en el Teatro Mil\u00e1n, bajo la direcci\u00f3n de Benjam\u00edn Cann<\/strong><\/em><\/li>\n<li><em><strong>M\u00f3nica Garza debuta en la producci\u00f3n teatral al lado de Ana Karina Guevara<\/strong><\/em><\/li>\n<\/ul>\n<p>&nbsp;<\/p>\n<div id=\"attachment_271359\" style=\"width: 430px\" class=\"wp-caption aligncenter\"><a href=\"http:\/\/www.diarioimagen.net\/?attachment_id=271359\" rel=\"attachment wp-att-271359\"><img loading=\"lazy\" decoding=\"async\" aria-describedby=\"caption-attachment-271359\" class=\"size-large wp-image-271359\" src=\"http:\/\/www.diarioimagen.net\/wp-content\/uploads\/2016\/05\/sanchez-huerta-pooortal-420x280.jpg\" alt=\"\u201cS\u00e1nchez Huerta\u201d cuenta con las actuaciones de Roberto Sosa, Ana Karina Guevara, M\u00f3nica Dionne, Damayanti Quintanar y Socorro Miranda, una compa\u00f1\u00eda talentosa y comprometida con este montaje dirigido por el maestro Benjam\u00edn Cann, un hombre sensible en todos los sentidos, que sin dudarlo se sum\u00f3 a la temporada que estar\u00e1 durante tres meses en el Teatro Mil\u00e1n.\" width=\"420\" height=\"280\" srcset=\"https:\/\/www.diarioimagen.net\/wp-content\/uploads\/2016\/05\/sanchez-huerta-pooortal-420x280.jpg 420w, https:\/\/www.diarioimagen.net\/wp-content\/uploads\/2016\/05\/sanchez-huerta-pooortal-240x160.jpg 240w, https:\/\/www.diarioimagen.net\/wp-content\/uploads\/2016\/05\/sanchez-huerta-pooortal.jpg 700w\" sizes=\"auto, (max-width: 420px) 100vw, 420px\" \/><\/a><p id=\"caption-attachment-271359\" class=\"wp-caption-text\">\u201cS\u00e1nchez Huerta\u201d cuenta con las actuaciones de Roberto Sosa, Ana Karina Guevara, M\u00f3nica Dionne, Damayanti Quintanar y Socorro Miranda, una compa\u00f1\u00eda talentosa y comprometida con este montaje dirigido por el maestro Benjam\u00edn Cann, un hombre sensible en todos los sentidos, que sin dudarlo se sum\u00f3 a la temporada que estar\u00e1 durante tres meses en el Teatro Mil\u00e1n.<\/p><\/div>\n<p>&nbsp;<\/p>\n<p>En 2012 el Instituto Nacional de Estad\u00edstica y Geograf\u00eda (INEGI) registr\u00f3 5 mil 190 suicidios en M\u00e9xico, la mayor\u00eda eran hombres entre los 20 y los 24 a\u00f1os.<\/p>\n<p>Entre 2000 y 2010 el suicidio de ni\u00f1os de 5 a 14 a\u00f1os se hizo visible, luego de alcanzar 150 casos al a\u00f1o.<\/p>\n<p>Hoy son reportados alrededor de 16 suicidios infantiles por d\u00eda a nivel nacional.<\/p>\n<p>Estas cifras son alarmantes y van acompa\u00f1adas de historias desgarradoras que fracturaron familias.<\/p>\n<p>\u201cS\u00e1nchez Huerta\u201d es un extraordinario texto de Claudia R\u00edos que aborda el tema del suicidio infantil y las diferentes circunstancias que pueden desencadenar en un hecho de esta naturaleza.<\/p>\n<p>Va m\u00e1s all\u00e1 de la ansiedad, la culpa, la depresi\u00f3n, las adicciones o el bullying; destaca la importancia de no callar ante atropellos que fueron marcando profundamente a estos personajes para prevenir desenlaces tan dram\u00e1ticos.<\/p>\n<p>Este montaje es impulsado por dos mujeres comprometidas con su oficio de comunicar desde sus diferentes trincheras y con hacer conciencia sobre un tema tan delicado, como es el suicidio infantil en M\u00e9xico y del que pocos se han atrevido a hablar.<\/p>\n<p>La periodista M\u00f3nica Garza debuta en la producci\u00f3n teatral al lado de la ya experimentada actriz y directora Ana Karina Guevara. Juntas en este proyecto buscan promover un mensaje entre las familias para que establezcan di\u00e1logos de confianza con sus hijos, y que esas cifras no sigan aumentando.<\/p>\n<p>Coinciden en que el teatro es un medio de comunicaci\u00f3n mucho m\u00e1s cercano a las emociones de los personajes y el p\u00fablico, que de esta forma se aproximar\u00e1 a un tema fuerte y de gran impacto social, pero del que es cada vez m\u00e1s importante hablar.<\/p>\n<p>\u201cS\u00e1nchez Huerta\u201d cuenta con las actuaciones de Roberto Sosa, Ana Karina Guevara, M\u00f3nica Dionne, Damayanti Quintanar y Socorro Miranda, una compa\u00f1\u00eda talentosa y comprometida con este montaje dirigido por el maestro Benjam\u00edn Cann, un hombre sensible en todos los sentidos que sin dudarlo se sum\u00f3 a la temporada que estar\u00e1 durante tres meses en el Teatro Mil\u00e1n.<\/p>\n<p>La fecha de estreno es el 10 de junio, y se presentar\u00e1 viernes 20:30 horas, s\u00e1bados 18:00 y 20:15 horas y domingos 17:00 y 19:15 horas por una temporada de 12 semanas en el Teatro Mil\u00e1n, ubicado en la calle Lucerna 64, delegaci\u00f3n Cuauht\u00e9moc.<\/p>\n","protected":false},"excerpt":{"rendered":"<p>En 2012 el Instituto Nacional de Estad\u00edstica y Geograf\u00eda (INEGI) registr\u00f3 5 mil 190 suicidios en M\u00e9xico, la mayor\u00eda eran hombres entre los 20 y los 24 a\u00f1os.<\/p>\n","protected":false},"author":5,"featured_media":271360,"comment_status":"open","ping_status":"open","sticky":false,"template":"","format":"standard","meta":{"_monsterinsights_skip_tracking":false,"_monsterinsights_sitenote_active":false,"_monsterinsights_sitenote_note":"","_monsterinsights_sitenote_category":0,"footnotes":""},"categories":[17,12],"tags":[43682,50659],"class_list":["post-271358","post","type-post","status-publish","format-standard","has-post-thumbnail","hentry","category-especiales","category-espectaculos","tag-espectaculos","tag-teatro-milan"],"_links":{"self":[{"href":"https:\/\/www.diarioimagen.net\/index.php?rest_route=\/wp\/v2\/posts\/271358","targetHints":{"allow":["GET"]}}],"collection":[{"href":"https:\/\/www.diarioimagen.net\/index.php?rest_route=\/wp\/v2\/posts"}],"about":[{"href":"https:\/\/www.diarioimagen.net\/index.php?rest_route=\/wp\/v2\/types\/post"}],"author":[{"embeddable":true,"href":"https:\/\/www.diarioimagen.net\/index.php?rest_route=\/wp\/v2\/users\/5"}],"replies":[{"embeddable":true,"href":"https:\/\/www.diarioimagen.net\/index.php?rest_route=%2Fwp%2Fv2%2Fcomments&post=271358"}],"version-history":[{"count":0,"href":"https:\/\/www.diarioimagen.net\/index.php?rest_route=\/wp\/v2\/posts\/271358\/revisions"}],"wp:featuredmedia":[{"embeddable":true,"href":"https:\/\/www.diarioimagen.net\/index.php?rest_route=\/wp\/v2\/media\/271360"}],"wp:attachment":[{"href":"https:\/\/www.diarioimagen.net\/index.php?rest_route=%2Fwp%2Fv2%2Fmedia&parent=271358"}],"wp:term":[{"taxonomy":"category","embeddable":true,"href":"https:\/\/www.diarioimagen.net\/index.php?rest_route=%2Fwp%2Fv2%2Fcategories&post=271358"},{"taxonomy":"post_tag","embeddable":true,"href":"https:\/\/www.diarioimagen.net\/index.php?rest_route=%2Fwp%2Fv2%2Ftags&post=271358"}],"curies":[{"name":"wp","href":"https:\/\/api.w.org\/{rel}","templated":true}]}}