{"id":271366,"date":"2016-05-26T23:30:14","date_gmt":"2016-05-27T04:30:14","guid":{"rendered":"http:\/\/www.diarioimagen.net\/?p=271366"},"modified":"2016-05-29T22:07:06","modified_gmt":"2016-05-30T03:07:06","slug":"sorprende-juan-gabriel-cantando-clasico-de-los-creedence","status":"publish","type":"post","link":"https:\/\/www.diarioimagen.net\/?p=271366","title":{"rendered":"Sorprende Juan Gabriel cantando cl\u00e1sico de los Creedence"},"content":{"rendered":"<ul>\n<li><em><strong>\u201cEl Divo de Ju\u00e1rez\u201d lanza la versi\u00f3n de \u201cHave You Ever Seen The Rain\u201d, pero rebautizada como \u201cGracias al sol\u201d<\/strong><\/em><\/li>\n<li><em><strong>El nombre del disco ser\u00e1 \u201cQuiero Creedence\u201d y debutar\u00e1 el pr\u00f3ximo 29 de julio<\/strong><\/em><\/li>\n<\/ul>\n<p>&nbsp;<\/p>\n<div id=\"attachment_271367\" style=\"width: 430px\" class=\"wp-caption aligncenter\"><a href=\"http:\/\/www.diarioimagen.net\/?attachment_id=271367\" rel=\"attachment wp-att-271367\"><img loading=\"lazy\" decoding=\"async\" aria-describedby=\"caption-attachment-271367\" class=\"wp-image-271367\" src=\"http:\/\/www.diarioimagen.net\/wp-content\/uploads\/2016\/05\/juan-gabriel-pooortal-1-375x420.jpg\" alt=\"El \u201cDivo de Ju\u00e1rez\u201d sorprendi\u00f3 interpretando \u201cHave You Ever Seen The Rain\u201d en espa\u00f1ol, bajo el nombre de \u201cGracias al sol\u201d.\" width=\"420\" height=\"470\" srcset=\"https:\/\/www.diarioimagen.net\/wp-content\/uploads\/2016\/05\/juan-gabriel-pooortal-1-375x420.jpg 375w, https:\/\/www.diarioimagen.net\/wp-content\/uploads\/2016\/05\/juan-gabriel-pooortal-1-214x240.jpg 214w, https:\/\/www.diarioimagen.net\/wp-content\/uploads\/2016\/05\/juan-gabriel-pooortal-1.jpg 700w\" sizes=\"auto, (max-width: 420px) 100vw, 420px\" \/><\/a><p id=\"caption-attachment-271367\" class=\"wp-caption-text\">El \u201cDivo de Ju\u00e1rez\u201d sorprendi\u00f3 interpretando \u201cHave You Ever Seen The Rain\u201d en espa\u00f1ol, bajo el nombre de \u201cGracias al sol\u201d.<\/p><\/div>\n<p>&nbsp;<\/p>\n<p>El cantante mexicano Juan Gabriel sorprendi\u00f3 a sus seguidores y a los de la banda Creendence Clearwater Revival. \u201cEl Divo de Ju\u00e1rez\u201d present\u00f3 su versi\u00f3n para el cl\u00e1sico \u201cHave You Ever Seen The Rain\u201d, la que decidi\u00f3 rebautizar como \u201cGracias por el sol\u201d.<\/p>\n<p>El tema fue publicado en el sitio de Billboard y es parte de un proyecto que pretende homenajear a la banda estadounidense con artistas latinoamericanos. El nombre del disco ser\u00e1 \u201cQuiero Creedence\u201d y debutar\u00e1 el pr\u00f3ximo 29 de julio.<\/p>\n<p>Gustavo Far\u00edas, el productor de Juan Gabriel, asegur\u00f3 a la publicaci\u00f3n estadounidense que \u201ces mi canci\u00f3n favorita de la banda y no la arruin\u00e9, s\u00f3lo le agregu\u00e9 un par de guitarras de mariachi, vihuelas, para darle una onda m\u00e1s funky\u201d, agregando que tiene un poco de la \u201cpersonalidad\u201d del mexicano con la \u201cesencia\u201d de\u00a0Creedence.<\/p>\n<p>El hombre de \u201cSe me olvid\u00f3 otra vez\u201d viene de lanzar dos \u00e1lbumes recopilatorios en 2015, llamados \u201cLos d\u00fao\u201d y \u201cLos d\u00fao 2\u201d, donde comparti\u00f3 con m\u00fasicos como Marco Antonio Sol\u00eds, Laura Pausini, Ana Gabriel y Andr\u00e9s Calamaro.<\/p>\n<p>Es as\u00ed como con su sello caracter\u00edstico, Juan Gabriel transform\u00f3 un cl\u00e1sico de\u00a0Creedence Clearwater Revival.<\/p>\n<blockquote><p>Juan Gabriel hizo debutar la canci\u00f3n a trav\u00e9s de Billboard. Adem\u00e1s,\u00a0ser\u00e1 parte del \u00e1lbum \u201cQuiero Creedence\u201d que homenajea a la agrupaci\u00f3n de California y que ser\u00e1 publicado el 29 de julio<\/p><\/blockquote>\n","protected":false},"excerpt":{"rendered":"<p>El cantante mexicano Juan Gabriel sorprendi\u00f3 a sus seguidores y a los de la banda Creendence Clearwater Revival. \u201cEl Divo de Ju\u00e1rez\u201d present\u00f3 su versi\u00f3n para el cl\u00e1sico \u201cHave You Ever Seen The Rain\u201d, la que decidi\u00f3 rebautizar como \u201cGracias por el sol\u201d.<\/p>\n","protected":false},"author":5,"featured_media":271368,"comment_status":"open","ping_status":"open","sticky":false,"template":"","format":"standard","meta":{"_monsterinsights_skip_tracking":false,"_monsterinsights_sitenote_active":false,"_monsterinsights_sitenote_note":"","_monsterinsights_sitenote_category":0,"footnotes":""},"categories":[17,12],"tags":[29696,43682,4568],"class_list":["post-271366","post","type-post","status-publish","format-standard","has-post-thumbnail","hentry","category-especiales","category-espectaculos","tag-creedence","tag-espectaculos","tag-juan-gabriel"],"_links":{"self":[{"href":"https:\/\/www.diarioimagen.net\/index.php?rest_route=\/wp\/v2\/posts\/271366","targetHints":{"allow":["GET"]}}],"collection":[{"href":"https:\/\/www.diarioimagen.net\/index.php?rest_route=\/wp\/v2\/posts"}],"about":[{"href":"https:\/\/www.diarioimagen.net\/index.php?rest_route=\/wp\/v2\/types\/post"}],"author":[{"embeddable":true,"href":"https:\/\/www.diarioimagen.net\/index.php?rest_route=\/wp\/v2\/users\/5"}],"replies":[{"embeddable":true,"href":"https:\/\/www.diarioimagen.net\/index.php?rest_route=%2Fwp%2Fv2%2Fcomments&post=271366"}],"version-history":[{"count":0,"href":"https:\/\/www.diarioimagen.net\/index.php?rest_route=\/wp\/v2\/posts\/271366\/revisions"}],"wp:featuredmedia":[{"embeddable":true,"href":"https:\/\/www.diarioimagen.net\/index.php?rest_route=\/wp\/v2\/media\/271368"}],"wp:attachment":[{"href":"https:\/\/www.diarioimagen.net\/index.php?rest_route=%2Fwp%2Fv2%2Fmedia&parent=271366"}],"wp:term":[{"taxonomy":"category","embeddable":true,"href":"https:\/\/www.diarioimagen.net\/index.php?rest_route=%2Fwp%2Fv2%2Fcategories&post=271366"},{"taxonomy":"post_tag","embeddable":true,"href":"https:\/\/www.diarioimagen.net\/index.php?rest_route=%2Fwp%2Fv2%2Ftags&post=271366"}],"curies":[{"name":"wp","href":"https:\/\/api.w.org\/{rel}","templated":true}]}}