{"id":271395,"date":"2016-05-27T00:05:19","date_gmt":"2016-05-27T05:05:19","guid":{"rendered":"http:\/\/www.diarioimagen.net\/?p=271395"},"modified":"2016-05-27T05:42:51","modified_gmt":"2016-05-27T10:42:51","slug":"reconoce-huixquilucan-a-los-arrieros","status":"publish","type":"post","link":"https:\/\/www.diarioimagen.net\/?p=271395","title":{"rendered":"Reconoce Huixquilucan a los arrieros"},"content":{"rendered":"<ul>\n<li><strong><em>Parte fundamental en los usos y costumbres<\/em><\/strong><\/li>\n<\/ul>\n<p>&nbsp;<\/p>\n<div id=\"attachment_271491\" style=\"width: 430px\" class=\"wp-caption aligncenter\"><a href=\"http:\/\/www.diarioimagen.net\/?attachment_id=271491\" rel=\"attachment wp-att-271491\"><img loading=\"lazy\" decoding=\"async\" aria-describedby=\"caption-attachment-271491\" class=\"size-large wp-image-271491\" src=\"http:\/\/www.diarioimagen.net\/wp-content\/uploads\/2016\/05\/HUIXQUILUCAN-2876-420x236.jpg\" alt=\"El edil Enrique Vargas del Villar devel\u00f3 una placa conmemorativa en agradecimiento a los arrieros.\" width=\"420\" height=\"236\" srcset=\"https:\/\/www.diarioimagen.net\/wp-content\/uploads\/2016\/05\/HUIXQUILUCAN-2876-420x236.jpg 420w, https:\/\/www.diarioimagen.net\/wp-content\/uploads\/2016\/05\/HUIXQUILUCAN-2876-240x135.jpg 240w, https:\/\/www.diarioimagen.net\/wp-content\/uploads\/2016\/05\/HUIXQUILUCAN-2876-235x132.jpg 235w, https:\/\/www.diarioimagen.net\/wp-content\/uploads\/2016\/05\/HUIXQUILUCAN-2876-202x114.jpg 202w, https:\/\/www.diarioimagen.net\/wp-content\/uploads\/2016\/05\/HUIXQUILUCAN-2876-350x196.jpg 350w, https:\/\/www.diarioimagen.net\/wp-content\/uploads\/2016\/05\/HUIXQUILUCAN-2876-220x123.jpg 220w, https:\/\/www.diarioimagen.net\/wp-content\/uploads\/2016\/05\/HUIXQUILUCAN-2876-237x132.jpg 237w, https:\/\/www.diarioimagen.net\/wp-content\/uploads\/2016\/05\/HUIXQUILUCAN-2876.jpg 480w\" sizes=\"auto, (max-width: 420px) 100vw, 420px\" \/><\/a><p id=\"caption-attachment-271491\" class=\"wp-caption-text\">El edil Enrique Vargas del Villar devel\u00f3 una placa conmemorativa en agradecimiento a los arrieros.<\/p><\/div>\n<p>&nbsp;<\/p>\n<p><strong>Huixquilucan, Estado de M\u00e9xico<\/strong>.- El alcalde, Enrique Vargas del Villar, devel\u00f3 la placa conmemorativa que se coloc\u00f3 en el monumento al Arriero, ubicado en la explanada municipal; este acto, dijo, \u201ces un gran orgullo para todos\u201d.<\/p>\n<p>Acompa\u00f1ado de\u00a0Abel de la Cruz Col\u00edn, coordinador general de las danzas de arrieros del Estado de M\u00e9xico; Domingo Gonz\u00e1lez Gonz\u00e1lez, jefe supremo otom\u00ed en el municipio de Lerma, as\u00ed como de arrieros de las comunidades de Dos R\u00edos, Zacamulpa, San Juan Bautista y Santiago Yancuitalpan, el edil agradeci\u00f3 a los presentes por darle a Huixquilucan una historia con usos y costumbres muy particulares.<\/p>\n<p>Record\u00f3, que en 1946 empez\u00f3 la historia de la danza de los arrieros en la comunidad de Ignacio Allende, la cual ha traspasado las fronteras, ya que en los foros en los que ha participado, con orgullo da a conocer las tradiciones que hay en el municipio y \u00e9sta en particular, de arrieros, \u201cpara m\u00ed es un gran orgullo, porque le da identidad al mejor municipio del pa\u00eds\u201d.<\/p>\n<p>&nbsp;<\/p>\n","protected":false},"excerpt":{"rendered":"<p>El alcalde, Enrique Vargas del Villar, devel\u00f3 la placa conmemorativa que se coloc\u00f3 en el monumento al Arriero, ubicado en la explanada municipal; este acto, dijo, \u201ces un gran orgullo para todos\u201d.<\/p>\n","protected":false},"author":3,"featured_media":271491,"comment_status":"open","ping_status":"open","sticky":false,"template":"","format":"standard","meta":{"_monsterinsights_skip_tracking":false,"_monsterinsights_sitenote_active":false,"_monsterinsights_sitenote_note":"","_monsterinsights_sitenote_category":0,"footnotes":""},"categories":[35155],"tags":[47218,43675,1097],"class_list":["post-271395","post","type-post","status-publish","format-standard","has-post-thumbnail","hentry","category-estado-de-mexico-estado-de-mexico","tag-enrique-vargas-del-villar","tag-estado-de-mexico","tag-huixquilucan"],"_links":{"self":[{"href":"https:\/\/www.diarioimagen.net\/index.php?rest_route=\/wp\/v2\/posts\/271395","targetHints":{"allow":["GET"]}}],"collection":[{"href":"https:\/\/www.diarioimagen.net\/index.php?rest_route=\/wp\/v2\/posts"}],"about":[{"href":"https:\/\/www.diarioimagen.net\/index.php?rest_route=\/wp\/v2\/types\/post"}],"author":[{"embeddable":true,"href":"https:\/\/www.diarioimagen.net\/index.php?rest_route=\/wp\/v2\/users\/3"}],"replies":[{"embeddable":true,"href":"https:\/\/www.diarioimagen.net\/index.php?rest_route=%2Fwp%2Fv2%2Fcomments&post=271395"}],"version-history":[{"count":0,"href":"https:\/\/www.diarioimagen.net\/index.php?rest_route=\/wp\/v2\/posts\/271395\/revisions"}],"wp:featuredmedia":[{"embeddable":true,"href":"https:\/\/www.diarioimagen.net\/index.php?rest_route=\/wp\/v2\/media\/271491"}],"wp:attachment":[{"href":"https:\/\/www.diarioimagen.net\/index.php?rest_route=%2Fwp%2Fv2%2Fmedia&parent=271395"}],"wp:term":[{"taxonomy":"category","embeddable":true,"href":"https:\/\/www.diarioimagen.net\/index.php?rest_route=%2Fwp%2Fv2%2Fcategories&post=271395"},{"taxonomy":"post_tag","embeddable":true,"href":"https:\/\/www.diarioimagen.net\/index.php?rest_route=%2Fwp%2Fv2%2Ftags&post=271395"}],"curies":[{"name":"wp","href":"https:\/\/api.w.org\/{rel}","templated":true}]}}