{"id":271434,"date":"2016-05-27T00:10:06","date_gmt":"2016-05-27T05:10:06","guid":{"rendered":"http:\/\/www.diarioimagen.net\/?p=271434"},"modified":"2016-05-27T06:27:18","modified_gmt":"2016-05-27T11:27:18","slug":"lopez-doriga-cuando-el-periodismo-es-noticia","status":"publish","type":"post","link":"https:\/\/www.diarioimagen.net\/?p=271434","title":{"rendered":"L\u00f3pez-D\u00f3riga, cuando el periodismo es noticia"},"content":{"rendered":"<h2>Tras la puerta del poder<\/h2>\n<h5>Roberto Vizca\u00edno<\/h5>\n<p>&nbsp;<\/p>\n<ul>\n<li><strong><em>El fin del noticiero de la noche dar\u00e1 paso a un nuevo esquema informativo de Televisa<\/em><\/strong><\/li>\n<li><strong><em>Cristina D\u00edaz, en la ruta del apoyo en el pa\u00eds a los candidatos del tricolor<\/em><\/strong><\/li>\n<\/ul>\n<p>&nbsp;<\/p>\n<div id=\"attachment_271532\" style=\"width: 430px\" class=\"wp-caption aligncenter\"><a href=\"http:\/\/www.diarioimagen.net\/?attachment_id=271532\" rel=\"attachment wp-att-271532\"><img loading=\"lazy\" decoding=\"async\" aria-describedby=\"caption-attachment-271532\" class=\"size-large wp-image-271532\" src=\"http:\/\/www.diarioimagen.net\/wp-content\/uploads\/2016\/05\/peras-al-olmo-MARAL-2876-420x186.jpg\" alt=\"Peras al olmo... | Maral\" width=\"420\" height=\"186\" srcset=\"https:\/\/www.diarioimagen.net\/wp-content\/uploads\/2016\/05\/peras-al-olmo-MARAL-2876-420x186.jpg 420w, https:\/\/www.diarioimagen.net\/wp-content\/uploads\/2016\/05\/peras-al-olmo-MARAL-2876-240x106.jpg 240w, https:\/\/www.diarioimagen.net\/wp-content\/uploads\/2016\/05\/peras-al-olmo-MARAL-2876-768x340.jpg 768w, https:\/\/www.diarioimagen.net\/wp-content\/uploads\/2016\/05\/peras-al-olmo-MARAL-2876.jpg 1200w\" sizes=\"auto, (max-width: 420px) 100vw, 420px\" \/><\/a><p id=\"caption-attachment-271532\" class=\"wp-caption-text\">Peras al olmo&#8230; | Maral<\/p><\/div>\n<p>&nbsp;<\/p>\n<p>A Joaqu\u00edn lo conozco desde inicios de los 70 cuando fuimos compa\u00f1eros de redacci\u00f3n en <em>El Heraldo de M\u00e9xico<\/em>.<\/p>\n<p>Ya entonces era un reportero destacado. Todos en aquella redacci\u00f3n y fuera de ella sab\u00edamos de sus habilidades period\u00edsticas y su facilidad de relacionarse con los hombres del poder.<\/p>\n<p>Muchos a\u00f1os han corrido desde entonces y mucha la vida vivida en la que \u00e9l pas\u00f3 por el cielo y el infierno para resurgir y convertirse en los \u00faltimos 16 a\u00f1os en el personaje m\u00e1s relevante de las noticias en la radio y la TV en M\u00e9xico.<\/p>\n<p>El lunes anterior \u2014luego de rumores de meses-, anunci\u00f3 personalmente, de muy buen humor, que dejar\u00e1 en agosto el noticiero de la noche del Canal 2 de Televisa y pasar\u00e1 a una nueva etapa de su vida profesional.<\/p>\n<p>A partir de ah\u00ed mucho se ha escrito y dicho sobre su caso. El periodista se convirti\u00f3 en noticia.<\/p>\n<p>Unos lo han visto como una defenestraci\u00f3n, cese, despido, fin de carrera y otros como una transformaci\u00f3n interna de la empresa con miras a reestructurarse para enfrentar el cambio a partir de las inciertas elecciones presidenciales de 2018, que presagian hasta la posible desaparici\u00f3n de Televisa.<\/p>\n<p>Es posible que todo eso sea cierto\u2026 o no.<\/p>\n<p>Lo \u00fanico verdadero es que muchas de estas versiones surgieron desde el inter\u00e9s de la empresa. Hace meses se habla de que Televisa se prepara para el cambio que le exigen las nuevas circunstancias.<\/p>\n<p>Y las nuevas circunstancias las determinan hechos a la vista de todos.<\/p>\n<p>Hoy la TV en general, no s\u00f3lo Televisa y no s\u00f3lo el noticiero de Joaqu\u00edn, tiene menos audiencia. Y no porque los televidentes busquen calidad en los programas, sino porque la influencia de Internet y la proliferaci\u00f3n de las redes sociales y You Tube han crecido exponencialmente no s\u00f3lo en M\u00e9xico sino en el mundo.<\/p>\n<p>Es simple: los h\u00e1bitos para informarse han cambiado.<\/p>\n<p>Hoy las grandes audiencias, integradas predominantemente por las generaciones de Millennials y la Z, no tienen ya paciencia para seguir programas como el que encabeza Joaqu\u00edn.<\/p>\n<p>Esas generaciones quieren todo r\u00e1pido, breve y directo, sin rollos. Por ello van a blogs o se conectan a Youtubers como el del Pulso de la Rep\u00fablica de Chumel Torres, Galatzia, Werevertumorro o Sopitas.<\/p>\n<p>Hoy ellos en conjunto tienen visitas diarias que suman sobre los 50 millones de internautas mientras que los seguidores de la TV o de la radio y los diarios disminuyen dram\u00e1ticamente.<\/p>\n<p>Las grandes cadenas de TV del mundo giran hacia el fin de presentadores de noticias \u00fanicos \u2014ya se fue Lary King y conductores como Wolf Isaac Blitzer y Christiane Amanpour de CNN han cambiado a programas de apenas unos minutos, programas muy fluidos, r\u00e1pidos y directos, a fin de llegar a las nuevas audiencias de j\u00f3venes impacientes-, y dan paso a sistemas informativos de muchas caras, r\u00e1pidos y muy breves, muchos vinculados a las redes sociales.<\/p>\n<p>Yo creo que eso lo sabe desde hace rato Televisa, y para all\u00e1 va.<\/p>\n<p>El fin del programa de Joaqu\u00edn, y su presumible ascenso a la vicepresidencia de noticias de la empresa, apunta a un cambio radical del sistema.<\/p>\n<p>Por ello no habr\u00e1, creo yo, \u201crelevo\u201d en el noticiero de la noche. Intuyo que no habr\u00e1 ya noticiero de la noche, sino una barra de noticieros a lo largo del d\u00eda como ocurre en TV-5 de Francia o los de la DW de Alemania.<\/p>\n<p>Y con ello Televisa conservar\u00e1 su predominio en la presentaci\u00f3n de noticias.<\/p>\n<p>Joaqu\u00edn \u2014sin aparecer a cuadro-, continuar\u00e1 como el puntero en el manejo informativo de la empresa.<\/p>\n<p>\u00bfEso servir\u00e1 al sistema pol\u00edtico? Seguramente s\u00ed. \u00bfMantendr\u00e1 a Televisa en la posici\u00f3n preferente y con la influencia que tiene. S\u00ed. \u00bfEso impactar\u00e1 en las elecciones del 2018? Sin duda.<\/p>\n<p>Ni qu\u00e9 decir que lo que resulte de este cambio de L\u00f3pez D\u00f3riga dentro de Televisa, influir\u00e1 sin duda en el manejo informativo del resto de las cadenas de televisi\u00f3n.<\/p>\n<p>Ahora falta ver qu\u00e9 cambios har\u00e1n para alinearse al reto que les plantea Netflix y el consumo de programas pel\u00edculas y videos v\u00eda dispositivos m\u00f3viles, es decir, celulares, tablets y otros.<\/p>\n<p>Esto es lo que est\u00e1 detr\u00e1s de la salida de Joaqu\u00edn. Apenas el inicio de una gran transformaci\u00f3n de Televisa que, creo, va m\u00e1s all\u00e1 de lo aut\u00f3ctono y del 2018.<\/p>\n<p><strong>LEALTAD Y ENTREGA<\/strong><\/p>\n<p>Al igual que en el proceso electoral de 2012 cuando, desde la secretaria General del PRI se fue a recorrer el pa\u00eds para impulsar a los candidatos del tricolor o como l\u00edder nacional de la CNOP lo hizo en las elecciones de 2015, hoy de nuevo la senadora Cristina D\u00edaz es una de las dirigentes m\u00e1s activas y entregadas al apoyo e impulso del voto de los abanderados pri\u00edstas en las 12 entidades donde habr\u00e1 cambio de gobernador, alcaldes y diputados locales.<\/p>\n<p>Este esfuerzo la ha llevado a darle ya tres veces la vuelta a la Rep\u00fablica.<\/p>\n<p>Y es que, independientemente de todos los cambios de usos y m\u00e9todos registrados en el quehacer pol\u00edtico, el llamado sector popular del PRI \u2014donde se conjuntan lo mismo los empresarios que los peque\u00f1os propietarios y profesionistas o t\u00e9cnicos y comerciantes de todos los niveles-, sigue siendo un pilar o, como dicen: el brazo pol\u00edtico del tricolor para ganar elecciones.<\/p>\n<p>Eso lo saben desde el presidente nacional de ese partido, el sonorense Manlio Fabio Beltrones hasta el l\u00edder nato de esa organizaci\u00f3n, el actual presidente de la Rep\u00fablica, el mexiquense Enrique Pe\u00f1a Nieto.<\/p>\n<p>Ambos seguro que se sienten bien representados Cristian D\u00edaz en este nuevo recorrido de apoyo electoral donde habr\u00e1 comicios este 5 de junio donde el cenopismo puede ser factor clave para alcanzar la victoria y cumplir el pron\u00f3stico de ganar 9 de 12 gubernaturas.<\/p>\n<p><strong>UN AN\u00c1LISIS ACTUAL<\/strong><\/p>\n<p>Al participar ayer en la llamada \u2018mesa de pol\u00edticos\u2019 dentro del marco del <em>Political Intelligence Summit<\/em>, organizado por el peri\u00f3dico \u201cEl Financiero\u201d, y conducido por Pablo Hiriart, el panista Roberto Gil Zuarth explic\u00f3 que, desde su punto de vista, la crisis del sistema pol\u00edtico mexicano obedece a:<\/p>\n<p>\u201c\u2026 un problema de dise\u00f1o de instituciones. Desde hace mucho buscamos el gran proyecto nacional\u2026 cuando nos preguntamos cu\u00e1l es el proyecto nacional, cu\u00e1l es el proyecto de pa\u00eds; nos cuesta mucho trabajo contestar a esa pregunta.<\/p>\n<p>\u201cCreo que el gran proyecto de pa\u00eds tiene que ver con 4 pilares que se han ido construyendo a lo largo del tiempo:<\/p>\n<p>\u201cDemocracia pol\u00edtica, econom\u00eda de mercado, responsabilidad social del Estado y Estado de Derecho.<\/p>\n<p>\u201cSon los cuatro pilares que definen el consenso b\u00e1sico de la sociedad del Siglo XX-XXI; es el consenso que est\u00e1 presente en los \u00faltimos 30 a\u00f1os; es el consenso que hemos ido traduciendo en ciertas instituciones; y en cada uno de los pilares hay avances importantes, hay problemas y agendas pendientes.<\/p>\n<p>\u201cTenemos que fortalecer el sistema democr\u00e1tico, \u00bfpor qu\u00e9?<\/p>\n<p>Porque el sistema democr\u00e1tico no tiene suficiente credibilidad con la gente.<\/p>\n<p>O \u201cLos ciudadanos no conf\u00edan en el r\u00e9gimen democr\u00e1tico; tenemos que generar los incentivos correctos para que la pluralidad sea verdaderamente transformadora, pueda tomar decisiones y dise\u00f1e mejores instituciones.<\/p>\n<p>\u201cSomos una de las econom\u00edas m\u00e1s abiertas del mundo, pero no hemos logrado una redistribuci\u00f3n de la riqueza correcta, justa.<\/p>\n<p>El Estado ha ido asumiendo cada vez mayores responsabilidades para apoyar a los m\u00e1s desaventajados; pero hay un problema estructural en el gasto p\u00fablico.<\/p>\n<p>\u201cHay 5 mil 884, aproximadamente, programas sociales en el pa\u00eds, lo cual revela la enorme ineficiencia en la aplicaci\u00f3n de los recursos que utilizamos para apoyar a los m\u00e1s desaventajados.<\/p>\n<p>\u201cY por supuesto el tema de Estado de Derecho, que es el gran pendiente de nuestra institucionalidad, no solamente el que tiene que ver con la corrupci\u00f3n y la impunidad; sino tambi\u00e9n la capacidad del Estado para gestionar los conflictos y la capacidad del Estado para impartir seguridad y justicia\u201d, indic\u00f3.<\/p>\n<p>Una reflexi\u00f3n interesante, de un panista que parece enfilarse cada vez m\u00e1s a pelear la candidatura de este partido a la Presidencia en el 2018.<\/p>\n<p><em><a href=\"mailto:rvizcainoa@gmail.com\" target=\"_blank\">vizcainoa@gmail.com<\/a><\/em><br \/>\n<em><a href=\"http:\/\/www.endirecto.com.mx\/\" target=\"_blank\">www.endirecto.com.mx<\/a><\/em><br \/>\n<em><a href=\"https:\/\/twitter.com\/_rvizcaino\" target=\"_blank\">@_RVizcaino<\/a><\/em><br \/>\n<a href=\"https:\/\/www.facebook.com\/rvizcainoa\" target=\"_blank\">f<em>acebook.com\/rvizcainoa<\/em><\/a><\/p>\n","protected":false},"excerpt":{"rendered":"<p><span style=\"color: #005497;\"><strong>Roberto Vizca\u00edno<\/strong><\/span><br \/>\n<br \/>\nA Joaqu\u00edn lo conozco desde inicios de los 70 cuando fuimos compa\u00f1eros de redacci\u00f3n en <em>El Heraldo de M\u00e9xico<\/em>. Ya entonces era un reportero destacado. Todos en aquella redacci\u00f3n y fuera de ella sab\u00edamos de sus habilidades period\u00edsticas y su facilidad de relacionarse con los hombres del poder.<\/p>\n","protected":false},"author":3,"featured_media":271532,"comment_status":"open","ping_status":"open","sticky":false,"template":"","format":"standard","meta":{"_monsterinsights_skip_tracking":false,"_monsterinsights_sitenote_active":false,"_monsterinsights_sitenote_note":"","_monsterinsights_sitenote_category":0,"footnotes":""},"categories":[136],"tags":[43674,93,94],"class_list":["post-271434","post","type-post","status-publish","format-standard","has-post-thumbnail","hentry","category-roberto-vizcaino-opinion","tag-opinion","tag-roberto-vizcaino","tag-tras-la-puerta-del-poder"],"_links":{"self":[{"href":"https:\/\/www.diarioimagen.net\/index.php?rest_route=\/wp\/v2\/posts\/271434","targetHints":{"allow":["GET"]}}],"collection":[{"href":"https:\/\/www.diarioimagen.net\/index.php?rest_route=\/wp\/v2\/posts"}],"about":[{"href":"https:\/\/www.diarioimagen.net\/index.php?rest_route=\/wp\/v2\/types\/post"}],"author":[{"embeddable":true,"href":"https:\/\/www.diarioimagen.net\/index.php?rest_route=\/wp\/v2\/users\/3"}],"replies":[{"embeddable":true,"href":"https:\/\/www.diarioimagen.net\/index.php?rest_route=%2Fwp%2Fv2%2Fcomments&post=271434"}],"version-history":[{"count":0,"href":"https:\/\/www.diarioimagen.net\/index.php?rest_route=\/wp\/v2\/posts\/271434\/revisions"}],"wp:featuredmedia":[{"embeddable":true,"href":"https:\/\/www.diarioimagen.net\/index.php?rest_route=\/wp\/v2\/media\/271532"}],"wp:attachment":[{"href":"https:\/\/www.diarioimagen.net\/index.php?rest_route=%2Fwp%2Fv2%2Fmedia&parent=271434"}],"wp:term":[{"taxonomy":"category","embeddable":true,"href":"https:\/\/www.diarioimagen.net\/index.php?rest_route=%2Fwp%2Fv2%2Fcategories&post=271434"},{"taxonomy":"post_tag","embeddable":true,"href":"https:\/\/www.diarioimagen.net\/index.php?rest_route=%2Fwp%2Fv2%2Ftags&post=271434"}],"curies":[{"name":"wp","href":"https:\/\/api.w.org\/{rel}","templated":true}]}}