{"id":271456,"date":"2016-05-27T00:05:27","date_gmt":"2016-05-27T05:05:27","guid":{"rendered":"http:\/\/www.diarioimagen.net\/?p=271456"},"modified":"2016-05-27T00:35:54","modified_gmt":"2016-05-27T05:35:54","slug":"un-empresario-nacionalista","status":"publish","type":"post","link":"https:\/\/www.diarioimagen.net\/?p=271456","title":{"rendered":"Un empresario nacionalista"},"content":{"rendered":"<h2>De pe a pa<\/h2>\n<h5>Alberto Vieyra G.<\/h5>\n<p>&nbsp;<\/p>\n<p>\u201cConsuma lo que el pa\u00eds produce\u201d. Eso rezaba la nacionalista campa\u00f1a emprendida durante el r\u00e9gimen del llamado nopalito, Pascual Ortiz Rubio.<\/p>\n<p>Lo asombroso de esa propaganda es que el gobierno no era el autor, sino un pu\u00f1ado de empresarios nacionalistas de origen liban\u00e9s que hab\u00edan sido acogidos con generosidad por M\u00e9xico, despu\u00e9s de que en el L\u00edbano eran perseguidos por el imperio otomano, que en aquel entonces obligaba a los j\u00f3venes a incorporarse a su ej\u00e9rcito, a partir de los 15 a\u00f1os.<\/p>\n<p>Muchos de esos ni\u00f1os arribar\u00edan a M\u00e9xico entre los 10 y 14 a\u00f1os de edad. Uno de ellos, un joven de car\u00e1cter en\u00e9rgico y entusiasta y con una carretada de ideas: Juli\u00e1n Slim Haddad, que en 1902, a los 14 a\u00f1os, arrib\u00f3 a Tampico, Tamaulipas, sin hablar espa\u00f1ol, donde ya se hab\u00edan afincado, desde 1898, sus cuatro hermanos mayores: Jos\u00e9, El\u00edas, Carlos y Pedro, con la convicci\u00f3n de salir adelante junto con el pa\u00eds que los hab\u00eda acogido.<\/p>\n<p>Dos a\u00f1os despu\u00e9s, los hermanos Slim se mudar\u00edan a la Ciudad de M\u00e9xico, y con sus ahorros, que sumaban 26 mil pesos, de aquellos, Jos\u00e9 y Juli\u00e1n crear\u00edan una sociedad mercantil llamada La Estrella de Oriente, bautizada as\u00ed en honor a su lugar de origen.<\/p>\n<p>Se trataba de una mercer\u00eda muy famosa en tiempos de la Revoluci\u00f3n Mexicana, ubicada en la Calle de Capuchinas -hoy Venustiano Carranza-.<\/p>\n<p>Justamente, cuando los ej\u00e9rcitos de la Divisi\u00f3n del Norte de Pancho Villa y los calzonudos y sombrerudos zapatistas al mando del llamado Atila del Sur, invadieron la Ciudad de M\u00e9xico, en 1914 y 1915, el joven Juli\u00e1n Slim, de 26 a\u00f1os, le comprar\u00eda a Jos\u00e9 su 50 por ciento de la empresa en 30 mil pesos.<\/p>\n<p>Para 1921, Juli\u00e1n Slim estaba convertido ya en un peque\u00f1o Rey Midas. Todo lo que tocaba, lo convert\u00eda en oro. Ya ten\u00eda mercanc\u00eda por un valor superior a los 100 mil d\u00f3lares, y en el Centro Hist\u00f3rico de la Ciudad de M\u00e9xico ten\u00eda, cuando menos, una docena de propiedades, gracias a que trabajaba a lo bestia y a su innegable talento empresarial.<\/p>\n<p>Juli\u00e1n Slim liderar\u00eda por m\u00e1s de 20 a\u00f1os la C\u00e1mara Libanesa de Comercio, y en plena Revoluci\u00f3n Cristera, entre 1927 y 1930, conformar\u00eda un censo de empresarios libaneses adoradores de la patria mexicana que los hab\u00eda arropado generosamente.<\/p>\n<p>Aquellos empresarios ten\u00edan muy claro que la naci\u00f3n azteca deber\u00eda consumir los productos hechos en M\u00e9xico y diversificar las exportaciones nacionales con el mundo, raz\u00f3n por la cual emprender\u00edan la Campa\u00f1a Nacionalista con el fin de beneficiar al comercio, el empleo y el desarrollo de M\u00e9xico.<\/p>\n<p>Gracias a esa campa\u00f1a, impulsada por los nacionalistas empresarios libaneses y mexicanos, que conformaban ya las c\u00e1maras de comercio del pa\u00eds, los productos fabricados en el pa\u00eds llevaban impresos la imagen de un \u00e1guila con la leyenda Lo hecho en M\u00e9xico, est\u00e1 bien hecho, que infamemente desapareci\u00f3 cuando entr\u00f3 en vigor la econom\u00eda neoliberal que inund\u00f3 a M\u00e9xico de productos chinos y de empresas transnacionales. Pareciera que en M\u00e9xico ya no se hace nada.<\/p>\n<p>S\u00ed, \u201cla econom\u00eda de la muerte\u201d mat\u00f3 a la industria nacionalista, iniciada por aquellos probos empresarios libaneses y mexicanos nacionalistas.<\/p>\n<p>\u00bfY c\u00f3mo fue que Carlos Slim Hel\u00fa, se convirti\u00f3 en el hombre m\u00e1s rico del mundo? Aqu\u00ed se lo dir\u00e9 ma\u00f1ana.<\/p>\n<p><a href=\"mailto:%20%20info@agenciamn.com\" target=\"_blank\"><em>info@agenciamn.com<\/em><\/a><\/p>\n","protected":false},"excerpt":{"rendered":"<p><span><span style=\"color: #005497;\"><strong>Alberto Vieyra G.<\/strong><\/span><\/span><\/p>\n","protected":false},"author":3,"featured_media":0,"comment_status":"open","ping_status":"open","sticky":false,"template":"","format":"standard","meta":{"_monsterinsights_skip_tracking":false,"_monsterinsights_sitenote_active":false,"_monsterinsights_sitenote_note":"","_monsterinsights_sitenote_category":0,"footnotes":""},"categories":[4596],"tags":[],"class_list":["post-271456","post","type-post","status-publish","format-standard","hentry","category-alberto-vieyra-g"],"_links":{"self":[{"href":"https:\/\/www.diarioimagen.net\/index.php?rest_route=\/wp\/v2\/posts\/271456","targetHints":{"allow":["GET"]}}],"collection":[{"href":"https:\/\/www.diarioimagen.net\/index.php?rest_route=\/wp\/v2\/posts"}],"about":[{"href":"https:\/\/www.diarioimagen.net\/index.php?rest_route=\/wp\/v2\/types\/post"}],"author":[{"embeddable":true,"href":"https:\/\/www.diarioimagen.net\/index.php?rest_route=\/wp\/v2\/users\/3"}],"replies":[{"embeddable":true,"href":"https:\/\/www.diarioimagen.net\/index.php?rest_route=%2Fwp%2Fv2%2Fcomments&post=271456"}],"version-history":[{"count":0,"href":"https:\/\/www.diarioimagen.net\/index.php?rest_route=\/wp\/v2\/posts\/271456\/revisions"}],"wp:attachment":[{"href":"https:\/\/www.diarioimagen.net\/index.php?rest_route=%2Fwp%2Fv2%2Fmedia&parent=271456"}],"wp:term":[{"taxonomy":"category","embeddable":true,"href":"https:\/\/www.diarioimagen.net\/index.php?rest_route=%2Fwp%2Fv2%2Fcategories&post=271456"},{"taxonomy":"post_tag","embeddable":true,"href":"https:\/\/www.diarioimagen.net\/index.php?rest_route=%2Fwp%2Fv2%2Ftags&post=271456"}],"curies":[{"name":"wp","href":"https:\/\/api.w.org\/{rel}","templated":true}]}}