{"id":271557,"date":"2016-05-29T23:30:09","date_gmt":"2016-05-30T04:30:09","guid":{"rendered":"http:\/\/www.diarioimagen.net\/?p=271557"},"modified":"2016-05-30T22:25:05","modified_gmt":"2016-05-31T03:25:05","slug":"ritmos-autenticos-de-lorenzo-de-orgon","status":"publish","type":"post","link":"https:\/\/www.diarioimagen.net\/?p=271557","title":{"rendered":"Ritmos aut\u00e9nticos de Lorenzo de Org\u00f3n"},"content":{"rendered":"<ul>\n<li><em><strong>Ser\u00e1 el pr\u00f3ximo 8 de junio cuando presente su nueva producci\u00f3n discogr\u00e1fica \u00abBuscando el copal\u00bb en el Voil\u00e1 Acoustique, Antara Fashion Hall; la entrada incluye show, el CD y vino de honor<\/strong><\/em><\/li>\n<\/ul>\n<p>&nbsp;<\/p>\n<div id=\"attachment_271558\" style=\"width: 430px\" class=\"wp-caption aligncenter\"><a href=\"http:\/\/www.diarioimagen.net\/?attachment_id=271558\" rel=\"attachment wp-att-271558\"><img loading=\"lazy\" decoding=\"async\" aria-describedby=\"caption-attachment-271558\" class=\"size-large wp-image-271558\" src=\"http:\/\/www.diarioimagen.net\/wp-content\/uploads\/2016\/05\/lorenzo-poortal-420x420.jpg\" alt=\"Es el cuarto \u00e1lbum discogr\u00e1fico de Org\u00f3n, en el que nos comparte su visi\u00f3n de juventud idealista, a trav\u00e9s de la magia a un viaje lleno de espectro, nostalgia, folklor y monta\u00f1as, con la fusi\u00f3n de armon\u00edas tropicales y otros, donde imprime su romanticismo.\" width=\"420\" height=\"420\" srcset=\"https:\/\/www.diarioimagen.net\/wp-content\/uploads\/2016\/05\/lorenzo-poortal-420x420.jpg 420w, https:\/\/www.diarioimagen.net\/wp-content\/uploads\/2016\/05\/lorenzo-poortal-150x150.jpg 150w, https:\/\/www.diarioimagen.net\/wp-content\/uploads\/2016\/05\/lorenzo-poortal-240x240.jpg 240w, https:\/\/www.diarioimagen.net\/wp-content\/uploads\/2016\/05\/lorenzo-poortal-50x50.jpg 50w, https:\/\/www.diarioimagen.net\/wp-content\/uploads\/2016\/05\/lorenzo-poortal-75x75.jpg 75w, https:\/\/www.diarioimagen.net\/wp-content\/uploads\/2016\/05\/lorenzo-poortal-70x70.jpg 70w, https:\/\/www.diarioimagen.net\/wp-content\/uploads\/2016\/05\/lorenzo-poortal.jpg 700w\" sizes=\"auto, (max-width: 420px) 100vw, 420px\" \/><\/a><p id=\"caption-attachment-271558\" class=\"wp-caption-text\">Es el cuarto \u00e1lbum discogr\u00e1fico de Org\u00f3n, en el que nos comparte su visi\u00f3n de juventud idealista, a trav\u00e9s de la magia a un viaje lleno de espectro, nostalgia, folklor y monta\u00f1as, con la fusi\u00f3n de armon\u00edas tropicales y otros, donde imprime su romanticismo.<\/p><\/div>\n<p>&nbsp;<\/p>\n<p>Lanzamiento mundial del disco \u201cBuscando el copal\u201d, del m\u00fasico, compositor y cantante Lorenzo de Org\u00f3n, acompa\u00f1ado en el escenario por 18 m\u00fasicos y bailarinas, que se llevar\u00e1 a cabo el pr\u00f3ximo mi\u00e9rcoles 8 de junio, a las 20:00 horas, en el Voil\u00e1 Acoustique, Antara Fashion Hall; la entrada incluye show, CD y vino de honor.<\/p>\n<p>El copal simboliza la incensaci\u00f3n de lo m\u00e1s sagrado y la b\u00fasqueda por las alturas espirituales del ser y su gran comunidad humana. Aspirando por la eternidad con el ser supremo\u2026<\/p>\n<p>Es el cuarto \u00e1lbum discogr\u00e1fico de Org\u00f3n, en el que nos comparte su visi\u00f3n de juventud idealista a trav\u00e9s de la magia a un viaje lleno de espectro, nostalgia, folklor y monta\u00f1as, con la fusi\u00f3n de armon\u00edas tropicales y otros donde imprime su romanticismo. Rock, nahua-pop, swing, waltz, shuffle, jazz, balada, calypso, trova y cha-cha-ch\u00e1. Este es el ritmo y moda de Org\u00f3n.<\/p>\n<p>Leonardo D\u00edaz es el productor y director musical a cargo de la orquesta ac\u00fastica y sinf\u00f3nica, de este invaluable material musical lleno de misticismo, y que estar\u00e1 al frente de esta primera presentaci\u00f3n, la cual precede a la del viernes 10 de junio en el escenario del hotel Hacienda de Cort\u00e9s, en Cuernavaca, Morelos.<\/p>\n<p>El \u00e1lbum incluye el tema \u201cP\u00e1lator\u201d, que el cantautor inspir\u00f3 para su obra de teatro \u201cP\u00e1lator, el buscador errante\u201d. Incluye una pieza instrumental de t\u00edtulo \u201cLa procesi\u00f3n\u201d, el cual es un poema sinf\u00f3nico. La esencia, en el recorrido de sus \u00e1lbumes, incorpora canciones r\u00edtmicas y bailables, esta vez \u201cPueblos del cielo\u201d, \u201cLa luz de tu sonrisa\u201d, e invariablemente una copla progresiva en ingl\u00e9s \u201cWatching the stars\u201d; este material discogr\u00e1fico cuenta con la intervenci\u00f3n de dos grupos musicales, el rockero y el ensamble sinf\u00f3nico. Con su personalidad peculiar de media barba, Lorenzo de Org\u00f3n nos espera con un magistral espect\u00e1culo especioso que no te puedes perder.<\/p>\n","protected":false},"excerpt":{"rendered":"<p>Lanzamiento mundial del disco \u201cBuscando el copal\u201d, del m\u00fasico, compositor y cantante Lorenzo de Org\u00f3n, acompa\u00f1ado en el escenario por 18 m\u00fasicos y bailarinas, que se llevar\u00e1 a cabo el pr\u00f3ximo mi\u00e9rcoles 8 de junio, a las 20:00 horas, en el Voil\u00e1 Acoustique, Antara Fashion Hall; la entrada incluye show, CD y vino de honor.<\/p>\n","protected":false},"author":5,"featured_media":271559,"comment_status":"open","ping_status":"open","sticky":false,"template":"","format":"standard","meta":{"_monsterinsights_skip_tracking":false,"_monsterinsights_sitenote_active":false,"_monsterinsights_sitenote_note":"","_monsterinsights_sitenote_category":0,"footnotes":""},"categories":[17,12],"tags":[43682],"class_list":["post-271557","post","type-post","status-publish","format-standard","has-post-thumbnail","hentry","category-especiales","category-espectaculos","tag-espectaculos"],"_links":{"self":[{"href":"https:\/\/www.diarioimagen.net\/index.php?rest_route=\/wp\/v2\/posts\/271557","targetHints":{"allow":["GET"]}}],"collection":[{"href":"https:\/\/www.diarioimagen.net\/index.php?rest_route=\/wp\/v2\/posts"}],"about":[{"href":"https:\/\/www.diarioimagen.net\/index.php?rest_route=\/wp\/v2\/types\/post"}],"author":[{"embeddable":true,"href":"https:\/\/www.diarioimagen.net\/index.php?rest_route=\/wp\/v2\/users\/5"}],"replies":[{"embeddable":true,"href":"https:\/\/www.diarioimagen.net\/index.php?rest_route=%2Fwp%2Fv2%2Fcomments&post=271557"}],"version-history":[{"count":0,"href":"https:\/\/www.diarioimagen.net\/index.php?rest_route=\/wp\/v2\/posts\/271557\/revisions"}],"wp:featuredmedia":[{"embeddable":true,"href":"https:\/\/www.diarioimagen.net\/index.php?rest_route=\/wp\/v2\/media\/271559"}],"wp:attachment":[{"href":"https:\/\/www.diarioimagen.net\/index.php?rest_route=%2Fwp%2Fv2%2Fmedia&parent=271557"}],"wp:term":[{"taxonomy":"category","embeddable":true,"href":"https:\/\/www.diarioimagen.net\/index.php?rest_route=%2Fwp%2Fv2%2Fcategories&post=271557"},{"taxonomy":"post_tag","embeddable":true,"href":"https:\/\/www.diarioimagen.net\/index.php?rest_route=%2Fwp%2Fv2%2Ftags&post=271557"}],"curies":[{"name":"wp","href":"https:\/\/api.w.org\/{rel}","templated":true}]}}