{"id":271577,"date":"2016-05-29T23:40:13","date_gmt":"2016-05-30T04:40:13","guid":{"rendered":"http:\/\/www.diarioimagen.net\/?p=271577"},"modified":"2016-05-30T05:07:59","modified_gmt":"2016-05-30T10:07:59","slug":"edith-marquez-celebrara-30-anos-de-carrera-en-el-auditorio-nacional","status":"publish","type":"post","link":"https:\/\/www.diarioimagen.net\/?p=271577","title":{"rendered":"Edith M\u00e1rquez celebrar\u00e1 30 a\u00f1os de carrera en el Auditorio Nacional"},"content":{"rendered":"<ul>\n<li><em><strong>El 18 de junio la cantante presentar\u00e1 su disco \u00ab<\/strong><\/em><em><strong>Emociones II\u00bb; en su concierto estar\u00e1 acompa\u00f1ada por artistas invitados<\/strong><\/em><\/li>\n<\/ul>\n<p>&nbsp;<\/p>\n<div id=\"attachment_271578\" style=\"width: 430px\" class=\"wp-caption aligncenter\"><a href=\"http:\/\/www.diarioimagen.net\/?attachment_id=271578\" rel=\"attachment wp-att-271578\"><img loading=\"lazy\" decoding=\"async\" aria-describedby=\"caption-attachment-271578\" class=\"wp-image-271578\" src=\"http:\/\/www.diarioimagen.net\/wp-content\/uploads\/2016\/05\/edith-marquez-poortal-319x420.jpg\" alt=\"En su concierto, Edith M\u00e1rquez Mis emociones tour, la ex integrante del grupo Timbiriche har\u00e1 un recorrido musical por sus tres d\u00e9cadas de trayectoria, adem\u00e1s de ofrecer los temas de su nuevo material discogr\u00e1fico, Emociones II, que lanz\u00f3 en marzo de este a\u00f1o y es el \u00e1lbum n\u00famero 11 en su carrera.\" width=\"420\" height=\"553\" srcset=\"https:\/\/www.diarioimagen.net\/wp-content\/uploads\/2016\/05\/edith-marquez-poortal-319x420.jpg 319w, https:\/\/www.diarioimagen.net\/wp-content\/uploads\/2016\/05\/edith-marquez-poortal-182x240.jpg 182w, https:\/\/www.diarioimagen.net\/wp-content\/uploads\/2016\/05\/edith-marquez-poortal.jpg 700w\" sizes=\"auto, (max-width: 420px) 100vw, 420px\" \/><\/a><p id=\"caption-attachment-271578\" class=\"wp-caption-text\">En su concierto, Edith M\u00e1rquez Mis emociones tour, la ex integrante del grupo Timbiriche har\u00e1 un recorrido musical por sus tres d\u00e9cadas de trayectoria, adem\u00e1s de ofrecer los temas de su nuevo material discogr\u00e1fico, Emociones II, que lanz\u00f3 en marzo de este a\u00f1o y es el \u00e1lbum n\u00famero 11 en su carrera.<\/p><\/div>\n<p>&nbsp;<\/p>\n<p>Para festejar sus 30 a\u00f1os de carrera art\u00edstica y el lanzamiento de su nuevo disco, Emociones II, la cantante mexicana Edith M\u00e1rquez ofrecer\u00e1 un concierto en el Auditorio Nacional el pr\u00f3ximo 18 de junio, como parte de su nueva gira Mis emociones tour.<\/p>\n<p>Ser\u00e1 la tercera ocasi\u00f3n que la int\u00e9rprete se presente en este magno foro de Reforma, luego de los conciertos que ofreci\u00f3 en marzo de 2012 y noviembre de 2013; en esta \u00faltima fecha present\u00f3 su \u00e1lbum Emociones.<\/p>\n<p>En su concierto, Edith M\u00e1rquez Mis emociones tour, la ex integrante del grupo Timbiriche har\u00e1 un recorrido musical por sus tres d\u00e9cadas de trayectoria musical, adem\u00e1s de ofrecer los temas de su nuevo material discogr\u00e1fico, Emociones II, que lanz\u00f3 en marzo de este a\u00f1o y es el \u00e1lbum n\u00famero 11 en su carrera.<\/p>\n<p>Producido por Armando \u00c1vila, Emociones II contiene 12 canciones adaptadas al g\u00e9nero ranchero, que en su momento fueron grandes \u00e9xitos de otros int\u00e9rpretes, como \u00bfQuieres ser mi amante?, Quiero abrazarte tanto, Adoro y La gata bajo la lluvia, aunque tambi\u00e9n hay dos temas de banda: \u00bfQu\u00e9 sabe nadie? y \u00bfPor qu\u00e9 me habr\u00e1s besado?, esta \u00faltima a dueto con Juli\u00f3n \u00c1lvarez. Adem\u00e1s, incluye la canci\u00f3n Recuerdos, que interpreta junto con Cristian Castro.<\/p>\n<p>Sobre este concierto, la int\u00e9rprete Edith M\u00e1rquez ha adelantado que ser\u00e1 un espect\u00e1culo muy emotivo, en el cual tendr\u00e1 varios invitados sorpresa y ha prometido a sus \u201cmarquezos\u201d, como llama a sus fans, que ser\u00e1 una noche inolvidable, en la que lo mismo cantar\u00e1 temas pop que de banda, ranchero y bachata.<\/p>\n<p>Aunque empez\u00f3 a\u00f1os antes en la m\u00fasica y la actuaci\u00f3n, Edith M\u00e1rquez debut\u00f3 en 1998 como solista, con su disco Frente a ti, del que se derivaron \u00e9xitos como Mi error, mi fantas\u00eda, M\u00edrame y Por hablarle de ti. Adem\u00e1s, cuenta con m\u00e1s de un mill\u00f3n de copias vendidas como solista y le han otorgado m\u00faltiples discos de Oro y de Platino.<\/p>\n<p>El concierto Edith M\u00e1rquez Mis emociones tour.se realizar\u00e1 el s\u00e1bado 18 de junio a las 20:00 horas en el Auditorio Nacional (Reforma 50, Bosque de Chapultepec). Boletos: $250 a $1300, disponibles en las taquillas del foro y en el sistema Ticketmaster.<\/p>\n<p>&nbsp;<\/p>\n","protected":false},"excerpt":{"rendered":"<p>Para festejar sus 30 a\u00f1os de carrera art\u00edstica y el lanzamiento de su nuevo disco, Emociones II, la cantante mexicana Edith M\u00e1rquez ofrecer\u00e1 un concierto en el Auditorio Nacional el pr\u00f3ximo 18 de junio, como parte de su nueva gira Mis emociones tour.<\/p>\n","protected":false},"author":5,"featured_media":271579,"comment_status":"open","ping_status":"open","sticky":false,"template":"","format":"standard","meta":{"_monsterinsights_skip_tracking":false,"_monsterinsights_sitenote_active":false,"_monsterinsights_sitenote_note":"","_monsterinsights_sitenote_category":0,"footnotes":""},"categories":[17,12],"tags":[51215,471,636,43682],"class_list":["post-271577","post","type-post","status-publish","format-standard","has-post-thumbnail","hentry","category-especiales","category-espectaculos","tag-30-anos-de-carrera","tag-auditorio-nacional","tag-edith-marquez","tag-espectaculos"],"_links":{"self":[{"href":"https:\/\/www.diarioimagen.net\/index.php?rest_route=\/wp\/v2\/posts\/271577","targetHints":{"allow":["GET"]}}],"collection":[{"href":"https:\/\/www.diarioimagen.net\/index.php?rest_route=\/wp\/v2\/posts"}],"about":[{"href":"https:\/\/www.diarioimagen.net\/index.php?rest_route=\/wp\/v2\/types\/post"}],"author":[{"embeddable":true,"href":"https:\/\/www.diarioimagen.net\/index.php?rest_route=\/wp\/v2\/users\/5"}],"replies":[{"embeddable":true,"href":"https:\/\/www.diarioimagen.net\/index.php?rest_route=%2Fwp%2Fv2%2Fcomments&post=271577"}],"version-history":[{"count":0,"href":"https:\/\/www.diarioimagen.net\/index.php?rest_route=\/wp\/v2\/posts\/271577\/revisions"}],"wp:featuredmedia":[{"embeddable":true,"href":"https:\/\/www.diarioimagen.net\/index.php?rest_route=\/wp\/v2\/media\/271579"}],"wp:attachment":[{"href":"https:\/\/www.diarioimagen.net\/index.php?rest_route=%2Fwp%2Fv2%2Fmedia&parent=271577"}],"wp:term":[{"taxonomy":"category","embeddable":true,"href":"https:\/\/www.diarioimagen.net\/index.php?rest_route=%2Fwp%2Fv2%2Fcategories&post=271577"},{"taxonomy":"post_tag","embeddable":true,"href":"https:\/\/www.diarioimagen.net\/index.php?rest_route=%2Fwp%2Fv2%2Ftags&post=271577"}],"curies":[{"name":"wp","href":"https:\/\/api.w.org\/{rel}","templated":true}]}}