{"id":271598,"date":"2016-05-30T00:10:34","date_gmt":"2016-05-30T05:10:34","guid":{"rendered":"http:\/\/www.diarioimagen.net\/?p=271598"},"modified":"2016-05-30T04:41:25","modified_gmt":"2016-05-30T09:41:25","slug":"mas-empleo-y-educacion-para-jovenes-mexiquenses","status":"publish","type":"post","link":"https:\/\/www.diarioimagen.net\/?p=271598","title":{"rendered":"M\u00e1s empleo y educaci\u00f3n para j\u00f3venes mexiquenses"},"content":{"rendered":"<h2>Arco Norte<\/h2>\n<h5>Jos\u00e9 Luis Monta\u00f1ez Aguilar<\/h5>\n<p>&nbsp;<\/p>\n<div id=\"attachment_271707\" style=\"width: 430px\" class=\"wp-caption aligncenter\"><a href=\"http:\/\/www.diarioimagen.net\/?attachment_id=271707\" rel=\"attachment wp-att-271707\"><img loading=\"lazy\" decoding=\"async\" aria-describedby=\"caption-attachment-271707\" class=\"size-large wp-image-271707\" src=\"http:\/\/www.diarioimagen.net\/wp-content\/uploads\/2016\/05\/manzur-2877-420x236.jpg\" alt=\"Durante la toma de protesta a j\u00f3venes integrantes del 1er foro GLo \u2013 Local de la Red Paz en Movimiento \u202a#\u200eYoPorLaPaz.\" width=\"420\" height=\"236\" srcset=\"https:\/\/www.diarioimagen.net\/wp-content\/uploads\/2016\/05\/manzur-2877-420x236.jpg 420w, https:\/\/www.diarioimagen.net\/wp-content\/uploads\/2016\/05\/manzur-2877-240x135.jpg 240w, https:\/\/www.diarioimagen.net\/wp-content\/uploads\/2016\/05\/manzur-2877-235x132.jpg 235w, https:\/\/www.diarioimagen.net\/wp-content\/uploads\/2016\/05\/manzur-2877-202x114.jpg 202w, https:\/\/www.diarioimagen.net\/wp-content\/uploads\/2016\/05\/manzur-2877-350x196.jpg 350w, https:\/\/www.diarioimagen.net\/wp-content\/uploads\/2016\/05\/manzur-2877-220x123.jpg 220w, https:\/\/www.diarioimagen.net\/wp-content\/uploads\/2016\/05\/manzur-2877-237x132.jpg 237w, https:\/\/www.diarioimagen.net\/wp-content\/uploads\/2016\/05\/manzur-2877.jpg 480w\" sizes=\"auto, (max-width: 420px) 100vw, 420px\" \/><\/a><p id=\"caption-attachment-271707\" class=\"wp-caption-text\">Durante la toma de protesta a j\u00f3venes integrantes del 1er foro GLo \u2013 Local de la Red Paz en Movimiento \u202a#\u200eYoPorLaPaz.<\/p><\/div>\n<p>&nbsp;<\/p>\n<p>Al tomar protesta a los integrantes de la Red Paz en Movimiento e inaugurar el Primer Foro GLo-Local, J\u00f3venes Previniendo la Violencia, el secretario general de Gobierno del Estado de M\u00e9xico, Jos\u00e9 Manzur Quiroga, refrend\u00f3 el compromiso de la actual administraci\u00f3n estatal para trabajar en el rescate de espacios p\u00fablicos, en la generaci\u00f3n de opciones educativas y en brindar mayor seguridad, para que este sector de la poblaci\u00f3n pueda desarrollarse y tomen acciones.<\/p>\n<p>En la Sala de Conciertos \u201cElisa Carrillo\u201d del Centro Cultural Mexiquense Bicentenario y en presencia de 52 representantes de asociaciones civiles,\u00a0 Manzur Quiroga indic\u00f3 que durante los primeros cuatro a\u00f1os de la actual administraci\u00f3n, a trav\u00e9s del programa Servicio Social Comunitario, se ha apoyado con becas a 12 mil j\u00f3venes que laboran en beneficio de su comunidad.<\/p>\n<p>Asimismo, se otorgaron becas para estudios en el extranjero a 9 mil 922 j\u00f3venes mexiquenses, con una inversi\u00f3n de 377 millones de pesos, adem\u00e1s, se entregaron 77 mil 105 equipos de c\u00f3mputo a alumnos destacados de nivel secundaria, medio superior y superior.<\/p>\n<p>El presidente municipal, Higinio Mart\u00ednez Miranda, asegur\u00f3 que s\u00f3lo fomentando la cultura es como se puede\u00a0 prevenir la violencia, y asegur\u00f3 que \u201cen Texcoco estamos dispuestos a seguir sum\u00e1ndonos en materia seguridad p\u00fablica; la diferencia que tengamos en alg\u00fan asunto o tema, eso no impide que sigamos teniendo la disposici\u00f3n de trabajar de forma coordinada con el gobierno del estado\u201d.<\/p>\n<p>Alejandro Le\u00f3n Balderas, presidente de la Red Paz en Movimiento, resalt\u00f3 que hay grandes problem\u00e1ticas y necesidades, como el aumento de la pobreza y la violencia, la falta de espacios educativos y de empleo que no se pueden resolver en lo individual, sino en lo colectivo, con la suma de esfuerzos, donde sociedad civil, empresarios y j\u00f3venes hagan el cambio. \u201cEstamos realizando un trabajo de gobernanza, de perspectiva, donde la sociedad civil, empresarios y j\u00f3venes, tenemos que ser el cambio que M\u00e9xico necesita\u201d, dijo al se\u00f1alar que el pa\u00eds tiene m\u00e1s de 38 millones de j\u00f3venes y que se cuenta con el bono demogr\u00e1fico m\u00e1s grande de la historia que es necesario aprovechar.<\/p>\n<p>La vocera de Red Paz en Movimiento, Dulce Gloria Mart\u00ednez Garc\u00eda, dio a conocer que esta organizaci\u00f3n social se rige por ejes principales como la violencia de g\u00e9nero, violencia en el noviazgo, acoso escolar, empoderamiento de los j\u00f3venes, y desarrollo econ\u00f3mico, bajo los cuales cada una de las 52 asociaciones trabajan desde sus municipios buscando vincular a instituciones y gobierno para crear espacios y pol\u00edticas p\u00fablicas y generar mejores condiciones para los j\u00f3venes.<\/p>\n<p><em><a href=\"mailto:montanezaguilar@gmail.com\" target=\"_blank\">montanezaguilar@gmail.com<\/a><\/em><\/p>\n","protected":false},"excerpt":{"rendered":"<p><span style=\"color: #005497;\">Jos\u00e9 Luis Monta\u00f1ez Aguilar<\/span><br \/>\n<br \/>\nAl tomar protesta a los integrantes de la Red Paz en Movimiento e inaugurar el Primer Foro Glo-Local, J\u00f3venes Previniendo la Violencia, el secretario general de Gobierno del Estado de M\u00e9xico, Jos\u00e9 Manzur Quiroga, refrend\u00f3 el compromiso de la actual administraci\u00f3n estatal para trabajar en el rescate de espacios p\u00fablicos, en la generaci\u00f3n de opciones educativas y en brindar mayor seguridad, para que este sector de la poblaci\u00f3n pueda desarrollarse y tomen acciones.<\/p>\n","protected":false},"author":3,"featured_media":271707,"comment_status":"open","ping_status":"open","sticky":false,"template":"","format":"standard","meta":{"_monsterinsights_skip_tracking":false,"_monsterinsights_sitenote_active":false,"_monsterinsights_sitenote_note":"","_monsterinsights_sitenote_category":0,"footnotes":""},"categories":[5],"tags":[13284,43704,43674],"class_list":["post-271598","post","type-post","status-publish","format-standard","has-post-thumbnail","hentry","category-estado-de-mexico","tag-arco-norte","tag-jose-luis-montanez-aguilar","tag-opinion"],"_links":{"self":[{"href":"https:\/\/www.diarioimagen.net\/index.php?rest_route=\/wp\/v2\/posts\/271598","targetHints":{"allow":["GET"]}}],"collection":[{"href":"https:\/\/www.diarioimagen.net\/index.php?rest_route=\/wp\/v2\/posts"}],"about":[{"href":"https:\/\/www.diarioimagen.net\/index.php?rest_route=\/wp\/v2\/types\/post"}],"author":[{"embeddable":true,"href":"https:\/\/www.diarioimagen.net\/index.php?rest_route=\/wp\/v2\/users\/3"}],"replies":[{"embeddable":true,"href":"https:\/\/www.diarioimagen.net\/index.php?rest_route=%2Fwp%2Fv2%2Fcomments&post=271598"}],"version-history":[{"count":0,"href":"https:\/\/www.diarioimagen.net\/index.php?rest_route=\/wp\/v2\/posts\/271598\/revisions"}],"wp:featuredmedia":[{"embeddable":true,"href":"https:\/\/www.diarioimagen.net\/index.php?rest_route=\/wp\/v2\/media\/271707"}],"wp:attachment":[{"href":"https:\/\/www.diarioimagen.net\/index.php?rest_route=%2Fwp%2Fv2%2Fmedia&parent=271598"}],"wp:term":[{"taxonomy":"category","embeddable":true,"href":"https:\/\/www.diarioimagen.net\/index.php?rest_route=%2Fwp%2Fv2%2Fcategories&post=271598"},{"taxonomy":"post_tag","embeddable":true,"href":"https:\/\/www.diarioimagen.net\/index.php?rest_route=%2Fwp%2Fv2%2Ftags&post=271598"}],"curies":[{"name":"wp","href":"https:\/\/api.w.org\/{rel}","templated":true}]}}