{"id":271600,"date":"2016-05-30T00:08:37","date_gmt":"2016-05-30T05:08:37","guid":{"rendered":"http:\/\/www.diarioimagen.net\/?p=271600"},"modified":"2016-05-30T22:26:01","modified_gmt":"2016-05-31T03:26:01","slug":"propone-eruviel-avila-incautar-bienes-al-crimen-organizado","status":"publish","type":"post","link":"https:\/\/www.diarioimagen.net\/?p=271600","title":{"rendered":"Propone Eruviel \u00c1vila incautar bienes al crimen organizado"},"content":{"rendered":"<ul>\n<li><strong><em>Se busca dotar de mejores herramientas al Ministerio P\u00fablico<\/em><\/strong><\/li>\n<\/ul>\n<p>&nbsp;<\/p>\n<div id=\"attachment_271700\" style=\"width: 430px\" class=\"wp-caption aligncenter\"><a href=\"http:\/\/www.diarioimagen.net\/?attachment_id=271700\" rel=\"attachment wp-att-271700\"><img loading=\"lazy\" decoding=\"async\" aria-describedby=\"caption-attachment-271700\" class=\"size-large wp-image-271700\" src=\"http:\/\/www.diarioimagen.net\/wp-content\/uploads\/2016\/05\/eruviel-2877-420x236.jpg\" alt=\"Eruviel \u00c1vila Villegas, gobernador del Estado de M\u00e9xico.\" width=\"420\" height=\"236\" srcset=\"https:\/\/www.diarioimagen.net\/wp-content\/uploads\/2016\/05\/eruviel-2877-420x236.jpg 420w, https:\/\/www.diarioimagen.net\/wp-content\/uploads\/2016\/05\/eruviel-2877-240x135.jpg 240w, https:\/\/www.diarioimagen.net\/wp-content\/uploads\/2016\/05\/eruviel-2877-235x132.jpg 235w, https:\/\/www.diarioimagen.net\/wp-content\/uploads\/2016\/05\/eruviel-2877-202x114.jpg 202w, https:\/\/www.diarioimagen.net\/wp-content\/uploads\/2016\/05\/eruviel-2877-350x196.jpg 350w, https:\/\/www.diarioimagen.net\/wp-content\/uploads\/2016\/05\/eruviel-2877-220x123.jpg 220w, https:\/\/www.diarioimagen.net\/wp-content\/uploads\/2016\/05\/eruviel-2877-237x132.jpg 237w, https:\/\/www.diarioimagen.net\/wp-content\/uploads\/2016\/05\/eruviel-2877.jpg 480w\" sizes=\"auto, (max-width: 420px) 100vw, 420px\" \/><\/a><p id=\"caption-attachment-271700\" class=\"wp-caption-text\">Eruviel \u00c1vila Villegas, gobernador del Estado de M\u00e9xico.<\/p><\/div>\n<p>&nbsp;<\/p>\n<p><strong>Toluca, Estado de M\u00e9xico<\/strong>.- Para debilitar las estructuras criminales, el gobernador Eruviel \u00c1vila Villegas propuso una nueva Ley de Extinci\u00f3n de Dominio para incautar los bienes, muebles e inmuebles que sean instrumento, objeto o producto de delitos cometidos por la delincuencia organizada, como puede ser narcotr\u00e1fico, secuestro, robo de veh\u00edculos y trata de personas.<\/p>\n<p>\u201cSe trata, esta iniciativa, de dotar de herramientas al Ministerio P\u00fablico para afectar los bienes, muebles e inmuebles, utilizados por grupos delincuenciales.<\/p>\n<p>\u201cEl objetivo es que el gobierno del estado se adjudique bienes que sean instrumento, objeto, producto de los delitos de la delincuencia organizada, como puede ser narcotr\u00e1fico, secuestro, robo de veh\u00edculos y trata de personas\u201d, afirm\u00f3 el gobernador.<\/p>\n<p>Esta propuesta forma parte de un paquete de iniciativas que el titular del Poder Ejecutivo estatal envi\u00f3 a la C\u00e1mara de Diputados local para ofrecer mayor seguridad a los mexiquenses, entre las que se encuentra el incremento de penas a los delitos de robo con violencia y extorsi\u00f3n; endurecer las penas a los delitos cometidos por fraccionadores ilegales, entre otros.<\/p>\n<p>Eruviel \u00c1vila explic\u00f3 que esta nueva Ley de Extinci\u00f3n de Dominio fortalecer\u00e1 la ya establecida desde 2011, ya que dota de mejores herramientas al Ministerio P\u00fablico, y adem\u00e1s es una propuesta con pleno respeto a los derechos humanos, pues el afectado puede interponer los recursos que considere necesarios para demostrar la procedencia l\u00edcita de los bienes o, si fuera el caso, su actuaci\u00f3n de buena fe.<\/p>\n<p>El gobernador expres\u00f3 que, con estas medidas, el Estado de M\u00e9xico avanza en la consolidaci\u00f3n del marco jur\u00eddico que endurece los castigos para los delincuentes, respeta los derechos humanos y, principalmente, est\u00e1 encaminado a tener mexiquenses mejor protegidos.<\/p>\n","protected":false},"excerpt":{"rendered":"<p>Para debilitar las estructuras criminales, el gobernador Eruviel \u00c1vila Villegas propuso una nueva Ley de Extinci\u00f3n de Dominio para incautar los bienes, muebles e inmuebles que sean instrumento, objeto o producto de delitos cometidos por la delincuencia organizada, como puede ser narcotr\u00e1fico, secuestro, robo de veh\u00edculos y trata de personas.<\/p>\n","protected":false},"author":3,"featured_media":271700,"comment_status":"open","ping_status":"open","sticky":false,"template":"","format":"standard","meta":{"_monsterinsights_skip_tracking":false,"_monsterinsights_sitenote_active":false,"_monsterinsights_sitenote_note":"","_monsterinsights_sitenote_category":0,"footnotes":""},"categories":[5],"tags":[4184,43675,1926,452],"class_list":["post-271600","post","type-post","status-publish","format-standard","has-post-thumbnail","hentry","category-estado-de-mexico","tag-crimen-organizado","tag-estado-de-mexico","tag-ley-de-extincion-de-dominio","tag-toluca"],"_links":{"self":[{"href":"https:\/\/www.diarioimagen.net\/index.php?rest_route=\/wp\/v2\/posts\/271600","targetHints":{"allow":["GET"]}}],"collection":[{"href":"https:\/\/www.diarioimagen.net\/index.php?rest_route=\/wp\/v2\/posts"}],"about":[{"href":"https:\/\/www.diarioimagen.net\/index.php?rest_route=\/wp\/v2\/types\/post"}],"author":[{"embeddable":true,"href":"https:\/\/www.diarioimagen.net\/index.php?rest_route=\/wp\/v2\/users\/3"}],"replies":[{"embeddable":true,"href":"https:\/\/www.diarioimagen.net\/index.php?rest_route=%2Fwp%2Fv2%2Fcomments&post=271600"}],"version-history":[{"count":0,"href":"https:\/\/www.diarioimagen.net\/index.php?rest_route=\/wp\/v2\/posts\/271600\/revisions"}],"wp:featuredmedia":[{"embeddable":true,"href":"https:\/\/www.diarioimagen.net\/index.php?rest_route=\/wp\/v2\/media\/271700"}],"wp:attachment":[{"href":"https:\/\/www.diarioimagen.net\/index.php?rest_route=%2Fwp%2Fv2%2Fmedia&parent=271600"}],"wp:term":[{"taxonomy":"category","embeddable":true,"href":"https:\/\/www.diarioimagen.net\/index.php?rest_route=%2Fwp%2Fv2%2Fcategories&post=271600"},{"taxonomy":"post_tag","embeddable":true,"href":"https:\/\/www.diarioimagen.net\/index.php?rest_route=%2Fwp%2Fv2%2Ftags&post=271600"}],"curies":[{"name":"wp","href":"https:\/\/api.w.org\/{rel}","templated":true}]}}