{"id":271604,"date":"2016-05-30T00:08:27","date_gmt":"2016-05-30T05:08:27","guid":{"rendered":"http:\/\/www.diarioimagen.net\/?p=271604"},"modified":"2016-05-30T04:21:53","modified_gmt":"2016-05-30T09:21:53","slug":"llega-gran-fondo-giro-ditalia-al-estado-de-mexico","status":"publish","type":"post","link":"https:\/\/www.diarioimagen.net\/?p=271604","title":{"rendered":"Llega Gran Fondo Giro D&#8217;Italia al Estado de M\u00e9xico"},"content":{"rendered":"<p><a href=\"http:\/\/www.diarioimagen.net\/?attachment_id=271713\" rel=\"attachment wp-att-271713\"><img loading=\"lazy\" decoding=\"async\" class=\"aligncenter size-large wp-image-271713\" src=\"http:\/\/www.diarioimagen.net\/wp-content\/uploads\/2016\/05\/giro-ditalia-2877-420x289.jpg\" alt=\"giro-ditalia-2877\" width=\"420\" height=\"289\" srcset=\"https:\/\/www.diarioimagen.net\/wp-content\/uploads\/2016\/05\/giro-ditalia-2877-420x289.jpg 420w, https:\/\/www.diarioimagen.net\/wp-content\/uploads\/2016\/05\/giro-ditalia-2877-240x165.jpg 240w, https:\/\/www.diarioimagen.net\/wp-content\/uploads\/2016\/05\/giro-ditalia-2877.jpg 700w\" sizes=\"auto, (max-width: 420px) 100vw, 420px\" \/><\/a><\/p>\n<p>&nbsp;<\/p>\n<p><strong>Ciudad de M\u00e9xico.-<\/strong> Por primera vez, el Gran Fondo Giro D&#8217;Italia, uno de los circuitos ciclistas m\u00e1s importantes del mundo, junto con la Tour de France y la Vuelta Cicilista de Espa\u00f1a, sale de Europa y se correr\u00e1 en el Estado de M\u00e9xico el pr\u00f3ximo 12 de junio. El gobernador Eruviel \u00c1vila Villegas, acompa\u00f1ado del embajador de Italia en M\u00e9xico, Alessandro Bussaca, dieron a conocer la realizaci\u00f3n de la justa que se realizar\u00e1 en cinco municipios mexiquenses: Toluca, Zinacantepec, Temascaltepec, Amanalco y Valle de Bravo.<\/p>\n","protected":false},"excerpt":{"rendered":"<p>Por primera vez, el Gran Fondo Giro D\u2019Italia, uno de los circuitos ciclistas m\u00e1s importantes del mundo, junto con la Tour de France y la Vuelta Cicilista de Espa\u00f1a, sale de Europa y se correr\u00e1 en el Estado de M\u00e9xico el pr\u00f3ximo 12 de junio. El gobernador Eruviel \u00c1vila Villegas, acompa\u00f1ado del embajador de Italia en M\u00e9xico, Alessandro Bussaca, dieron a conocer la realizaci\u00f3n de la justa que se realizar\u00e1 en cinco municipios mexiquenses: Toluca, Zinacantepec, Temascaltepec, Amanalco y Valle de Bravo.<\/p>\n","protected":false},"author":3,"featured_media":271713,"comment_status":"open","ping_status":"open","sticky":false,"template":"","format":"standard","meta":{"_monsterinsights_skip_tracking":false,"_monsterinsights_sitenote_active":false,"_monsterinsights_sitenote_note":"","_monsterinsights_sitenote_category":0,"footnotes":""},"categories":[35155],"tags":[5828,43675],"class_list":["post-271604","post","type-post","status-publish","format-standard","has-post-thumbnail","hentry","category-estado-de-mexico-estado-de-mexico","tag-eruviel-avila-villegas","tag-estado-de-mexico"],"_links":{"self":[{"href":"https:\/\/www.diarioimagen.net\/index.php?rest_route=\/wp\/v2\/posts\/271604","targetHints":{"allow":["GET"]}}],"collection":[{"href":"https:\/\/www.diarioimagen.net\/index.php?rest_route=\/wp\/v2\/posts"}],"about":[{"href":"https:\/\/www.diarioimagen.net\/index.php?rest_route=\/wp\/v2\/types\/post"}],"author":[{"embeddable":true,"href":"https:\/\/www.diarioimagen.net\/index.php?rest_route=\/wp\/v2\/users\/3"}],"replies":[{"embeddable":true,"href":"https:\/\/www.diarioimagen.net\/index.php?rest_route=%2Fwp%2Fv2%2Fcomments&post=271604"}],"version-history":[{"count":0,"href":"https:\/\/www.diarioimagen.net\/index.php?rest_route=\/wp\/v2\/posts\/271604\/revisions"}],"wp:featuredmedia":[{"embeddable":true,"href":"https:\/\/www.diarioimagen.net\/index.php?rest_route=\/wp\/v2\/media\/271713"}],"wp:attachment":[{"href":"https:\/\/www.diarioimagen.net\/index.php?rest_route=%2Fwp%2Fv2%2Fmedia&parent=271604"}],"wp:term":[{"taxonomy":"category","embeddable":true,"href":"https:\/\/www.diarioimagen.net\/index.php?rest_route=%2Fwp%2Fv2%2Fcategories&post=271604"},{"taxonomy":"post_tag","embeddable":true,"href":"https:\/\/www.diarioimagen.net\/index.php?rest_route=%2Fwp%2Fv2%2Ftags&post=271604"}],"curies":[{"name":"wp","href":"https:\/\/api.w.org\/{rel}","templated":true}]}}