{"id":271606,"date":"2016-05-30T00:07:47","date_gmt":"2016-05-30T05:07:47","guid":{"rendered":"http:\/\/www.diarioimagen.net\/?p=271606"},"modified":"2016-05-30T04:13:26","modified_gmt":"2016-05-30T09:13:26","slug":"programa-contra-las-inundaciones-en-tultitlan","status":"publish","type":"post","link":"https:\/\/www.diarioimagen.net\/?p=271606","title":{"rendered":"Programa contra las inundaciones en Tultitl\u00e1n"},"content":{"rendered":"<ul>\n<li><strong><em>Definen estrategias ante \u00e9poca de lluvias<\/em><\/strong><\/li>\n<\/ul>\n<p>&nbsp;<\/p>\n<div id=\"attachment_271716\" style=\"width: 430px\" class=\"wp-caption aligncenter\"><a href=\"http:\/\/www.diarioimagen.net\/?attachment_id=271716\" rel=\"attachment wp-att-271716\"><img loading=\"lazy\" decoding=\"async\" aria-describedby=\"caption-attachment-271716\" class=\"size-large wp-image-271716\" src=\"http:\/\/www.diarioimagen.net\/wp-content\/uploads\/2016\/05\/TULTITLAN-2877-420x236.jpg\" alt=\"Jorge Ad\u00e1n Barr\u00f3n Elizalde instruy\u00f3 a las diferentes dependencias de su gobierno estar alerta para atender cualquier contingencia ante la temporada de lluvias.\" width=\"420\" height=\"236\" srcset=\"https:\/\/www.diarioimagen.net\/wp-content\/uploads\/2016\/05\/TULTITLAN-2877-420x236.jpg 420w, https:\/\/www.diarioimagen.net\/wp-content\/uploads\/2016\/05\/TULTITLAN-2877-240x135.jpg 240w, https:\/\/www.diarioimagen.net\/wp-content\/uploads\/2016\/05\/TULTITLAN-2877-235x132.jpg 235w, https:\/\/www.diarioimagen.net\/wp-content\/uploads\/2016\/05\/TULTITLAN-2877-202x114.jpg 202w, https:\/\/www.diarioimagen.net\/wp-content\/uploads\/2016\/05\/TULTITLAN-2877-350x196.jpg 350w, https:\/\/www.diarioimagen.net\/wp-content\/uploads\/2016\/05\/TULTITLAN-2877-220x123.jpg 220w, https:\/\/www.diarioimagen.net\/wp-content\/uploads\/2016\/05\/TULTITLAN-2877-237x132.jpg 237w, https:\/\/www.diarioimagen.net\/wp-content\/uploads\/2016\/05\/TULTITLAN-2877.jpg 480w\" sizes=\"auto, (max-width: 420px) 100vw, 420px\" \/><\/a><p id=\"caption-attachment-271716\" class=\"wp-caption-text\">Jorge Ad\u00e1n Barr\u00f3n Elizalde instruy\u00f3 a las diferentes dependencias de su gobierno estar alerta para atender cualquier contingencia ante la temporada de lluvias.<\/p><\/div>\n<p>&nbsp;<\/p>\n<p><strong>Tultitl\u00e1n, Estado de M\u00e9xico<\/strong>.- Con el objetivo de reducir tiempos de respuestas, as\u00ed como brindar una atenci\u00f3n m\u00e1s eficiente, el gobierno municipal que encabeza Jorge Ad\u00e1n Barr\u00f3n Elizalde, coordinado con la Direcci\u00f3n de Protecci\u00f3n Civil, Servicios P\u00fablicos y el Organismo P\u00fablico Descentralizado para la Protecci\u00f3n de los Servicios de Agua Potable, Alcantarillado y Saneamiento del municipio de Tultitl\u00e1n (APAST), ponen en marcha el \u201cPlan contra inundaciones porla temporada de lluvias 2016\u201d.<\/p>\n<p>Dichas \u00e1reas llevar\u00e1n a cabo brigadas especiales ante cualquier tipo de contingencia que pueda presentarse, teniendo como base el Atlas de Riesgos Naturales del municipio de Tultitl\u00e1n, aprobado por la Secretar\u00eda de Desarrollo Agrario, Territorial y Urbano.<\/p>\n<p>El Ejecutivo local mencion\u00f3 que para hacer frente a la temporada de lluvias ha instruido a las \u00e1reas de la administraci\u00f3n se mantengan alerta para atender cualquier contingencia; por lo que el APAST, Seguridad P\u00fablica, Tr\u00e1nsito Municipal, Protecci\u00f3n Civil y Bomberos y Servicios P\u00fablicos, coordinen acciones en beneficio de los tultitlenses.<\/p>\n<p>El director de Protecci\u00f3n Civil y Bomberos dijo que el Atlas brinda informaci\u00f3n necesaria para dise\u00f1ar y definir las estrategias y proyectos pertinentes ante posibles contingencias ocasionadas por fen\u00f3menos naturales, adem\u00e1s de elaborar e implementar acciones para reducir la vulnerabilidad de la poblaci\u00f3n en condiciones de riesgo.<\/p>\n<p>De igual manera, prevenir zonas susceptibles de inundaci\u00f3n con monitoreo constante de los vasos reguladores, r\u00edos y cauces naturales, para mitigar y disminuir los efectos por alg\u00fan fen\u00f3meno hidrometeoro l\u00f3gico.<\/p>\n<p>Cabe destacar que las zonas m\u00e1s afectadas en temporadas de lluvia son las siguientes: Bello Horizonte, Sierra de Guadalupe, Las Torres, Ampliaci\u00f3n San Marcos, El Tesoro, Vialidad Jos\u00e9 L\u00f3pez Portillo, COCEM, Solidaridad 1\u00b0 y 2\u00b0 Secci\u00f3n, Buenavista parte baja y Cueyamil.<\/p>\n<p>Est\u00e1n disponibles refugios temporales en las tres zonas de la demarcaci\u00f3n las cuales se ubican cuatro en Zona Centro, tres en Zona Sur y tres en Zona Oriente.<\/p>\n<p>&nbsp;<\/p>\n","protected":false},"excerpt":{"rendered":"<p>Con el objetivo de reducir tiempos de respuestas, as\u00ed como brindar una atenci\u00f3n m\u00e1s eficiente, el gobierno municipal que encabeza Jorge Ad\u00e1n Barr\u00f3n Elizalde, coordinado con la Direcci\u00f3n de Protecci\u00f3n Civil, Servicios P\u00fablicos y el Organismo P\u00fablico Descentralizado para la Protecci\u00f3n de los Servicios de Agua Potable, Alcantarillado y Saneamiento del municipio de Tultitl\u00e1n (APAST), ponen en marcha el \u201cPlan contra inundaciones porla temporada de lluvias 2016\u201d.<\/p>\n","protected":false},"author":3,"featured_media":271716,"comment_status":"open","ping_status":"open","sticky":false,"template":"","format":"standard","meta":{"_monsterinsights_skip_tracking":false,"_monsterinsights_sitenote_active":false,"_monsterinsights_sitenote_note":"","_monsterinsights_sitenote_category":0,"footnotes":""},"categories":[35155],"tags":[43675,1985,1849,578],"class_list":["post-271606","post","type-post","status-publish","format-standard","has-post-thumbnail","hentry","category-estado-de-mexico-estado-de-mexico","tag-estado-de-mexico","tag-inundaciones","tag-lluvias","tag-tultitlan"],"_links":{"self":[{"href":"https:\/\/www.diarioimagen.net\/index.php?rest_route=\/wp\/v2\/posts\/271606","targetHints":{"allow":["GET"]}}],"collection":[{"href":"https:\/\/www.diarioimagen.net\/index.php?rest_route=\/wp\/v2\/posts"}],"about":[{"href":"https:\/\/www.diarioimagen.net\/index.php?rest_route=\/wp\/v2\/types\/post"}],"author":[{"embeddable":true,"href":"https:\/\/www.diarioimagen.net\/index.php?rest_route=\/wp\/v2\/users\/3"}],"replies":[{"embeddable":true,"href":"https:\/\/www.diarioimagen.net\/index.php?rest_route=%2Fwp%2Fv2%2Fcomments&post=271606"}],"version-history":[{"count":0,"href":"https:\/\/www.diarioimagen.net\/index.php?rest_route=\/wp\/v2\/posts\/271606\/revisions"}],"wp:featuredmedia":[{"embeddable":true,"href":"https:\/\/www.diarioimagen.net\/index.php?rest_route=\/wp\/v2\/media\/271716"}],"wp:attachment":[{"href":"https:\/\/www.diarioimagen.net\/index.php?rest_route=%2Fwp%2Fv2%2Fmedia&parent=271606"}],"wp:term":[{"taxonomy":"category","embeddable":true,"href":"https:\/\/www.diarioimagen.net\/index.php?rest_route=%2Fwp%2Fv2%2Fcategories&post=271606"},{"taxonomy":"post_tag","embeddable":true,"href":"https:\/\/www.diarioimagen.net\/index.php?rest_route=%2Fwp%2Fv2%2Ftags&post=271606"}],"curies":[{"name":"wp","href":"https:\/\/api.w.org\/{rel}","templated":true}]}}