{"id":271608,"date":"2016-05-30T00:03:38","date_gmt":"2016-05-30T05:03:38","guid":{"rendered":"http:\/\/www.diarioimagen.net\/?p=271608"},"modified":"2016-05-30T04:43:23","modified_gmt":"2016-05-30T09:43:23","slug":"trabaja-tlalnepantla-en-mejorar-infraestructura-educativa-ugalde","status":"publish","type":"post","link":"https:\/\/www.diarioimagen.net\/?p=271608","title":{"rendered":"Trabaja Tlalnepantla en mejorar infraestructura educativa: Ugalde"},"content":{"rendered":"<ul>\n<li><strong><em>Apuesta por la educaci\u00f3n<\/em><\/strong><\/li>\n<\/ul>\n<p>&nbsp;<\/p>\n<div id=\"attachment_271731\" style=\"width: 430px\" class=\"wp-caption aligncenter\"><a href=\"http:\/\/www.diarioimagen.net\/?attachment_id=271731\" rel=\"attachment wp-att-271731\"><img loading=\"lazy\" decoding=\"async\" aria-describedby=\"caption-attachment-271731\" class=\"size-large wp-image-271731\" src=\"http:\/\/www.diarioimagen.net\/wp-content\/uploads\/2016\/05\/TLALEPANTLA-2877-420x236.jpg\" alt=\"Denisse Ugalde, en la Sesi\u00f3n Empresarial y de Negocios \u201cRetos y Oportunidades de la Educaci\u00f3n y su Vinculaci\u00f3n con el Sector Empresarial\u201d, organizado por la Coparmex.\" width=\"420\" height=\"236\" srcset=\"https:\/\/www.diarioimagen.net\/wp-content\/uploads\/2016\/05\/TLALEPANTLA-2877-420x236.jpg 420w, https:\/\/www.diarioimagen.net\/wp-content\/uploads\/2016\/05\/TLALEPANTLA-2877-240x135.jpg 240w, https:\/\/www.diarioimagen.net\/wp-content\/uploads\/2016\/05\/TLALEPANTLA-2877-480x270.jpg 480w, https:\/\/www.diarioimagen.net\/wp-content\/uploads\/2016\/05\/TLALEPANTLA-2877-235x132.jpg 235w, https:\/\/www.diarioimagen.net\/wp-content\/uploads\/2016\/05\/TLALEPANTLA-2877-202x114.jpg 202w, https:\/\/www.diarioimagen.net\/wp-content\/uploads\/2016\/05\/TLALEPANTLA-2877-350x196.jpg 350w, https:\/\/www.diarioimagen.net\/wp-content\/uploads\/2016\/05\/TLALEPANTLA-2877-220x123.jpg 220w, https:\/\/www.diarioimagen.net\/wp-content\/uploads\/2016\/05\/TLALEPANTLA-2877-237x132.jpg 237w, https:\/\/www.diarioimagen.net\/wp-content\/uploads\/2016\/05\/TLALEPANTLA-2877.jpg 700w\" sizes=\"auto, (max-width: 420px) 100vw, 420px\" \/><\/a><p id=\"caption-attachment-271731\" class=\"wp-caption-text\">Denisse Ugalde, en la Sesi\u00f3n Empresarial y de Negocios \u201cRetos y Oportunidades de la Educaci\u00f3n y su Vinculaci\u00f3n con el Sector Empresarial\u201d, organizado por la Coparmex.<\/p><\/div>\n<p>&nbsp;<\/p>\n<p><strong>Tlalnepantla, Estado de M\u00e9xico<\/strong>.- El gobierno municipal ser\u00e1\u00a0 promotor eficiente entre el sector empresarial y el educativo para que los j\u00f3venes profesionistas ayuden a la productividad y competitividad, en lugar de irse a otros lados en busca de mejores oportunidades laborales, asegur\u00f3 la alcaldesa Denisse Ugalde Alegr\u00eda.<\/p>\n<p>En su participaci\u00f3n en la Sesi\u00f3n Empresarial y de Negocios \u201cRetos y Oportunidades de la Educaci\u00f3n y su Vinculaci\u00f3n con el Sector Empresarial\u201d, organizado por la Coparmex Metropolitana, la presidenta municipal afirm\u00f3 que la presente administraci\u00f3n le apuesta a la educaci\u00f3n como base del desarrollo para cualquier sociedad.<\/p>\n<p>\u201cPor lo anterior, trabajamos para mejorar la infraestructura de las escuelas de educaci\u00f3n b\u00e1sica, porque sabemos que los cimientos del aprendizaje comienzan en el primer nivel\u201d.<\/p>\n<p>Lo m\u00e1s importante que tiene esta ciudad es su capital humano \u201cy queremos que encuentren las oportunidades que merecen para poder construir el Tlalnepantla que anhelamos\u201d.<\/p>\n<p>Para lograrlo, en coordinaci\u00f3n con las autoridades estatales y federales se impulsar\u00e1n proyectos educativos, programas de empleo y esquemas de capacitaci\u00f3n acordes con la oferta laboral de las empresas, puntualiz\u00f3 la primer edil.<\/p>\n<p>Ugalde Alegr\u00eda expres\u00f3: \u201cestamos convencidos de que s\u00f3lo mediante una educaci\u00f3n de calidad podremos hacer frente a los grandes retos que se enfrentan en el municipio, en el estado y en todo el pa\u00eds\u201d.<\/p>\n<p>A su vez, el presidente de Coparmex,\u00a0Arturo Beteta del R\u00edo, refrend\u00f3 su compromiso con el gobierno local para unir esfuerzos y ser actores corresponsables para la transformaci\u00f3n del sector educativo.<\/p>\n<p>\u201cUna educaci\u00f3n de calidad implica que los maestros, alumnos, padres de familia y las personas que est\u00e1n alrededor de las escuelas, se comprometan a formar personas capaces de ejercer su ciudadan\u00eda, resolver problemas cotidianos y tener la posibilidad de seguir en su proceso formativo, porque adem\u00e1s eso es lo que requieren hoy en d\u00eda las empresas\u201d.<\/p>\n<p>Beteta del R\u00edo tambi\u00e9n se pronunci\u00f3 a favor de la evaluaci\u00f3n a docentes y a que los ciclos escolares sean de 200 d\u00edas, al tiempo que conden\u00f3 los paros magisteriales.<\/p>\n<p>&nbsp;<\/p>\n","protected":false},"excerpt":{"rendered":"<p>El gobierno municipal ser\u00e1  promotor eficiente entre el sector empresarial y el educativo para que los j\u00f3venes profesionistas ayuden a la productividad y competitividad, en lugar de irse a otros lados en busca de mejores oportunidades laborales, asegur\u00f3 la alcaldesa Denisse Ugalde Alegr\u00eda.<\/p>\n","protected":false},"author":3,"featured_media":271731,"comment_status":"open","ping_status":"open","sticky":false,"template":"","format":"standard","meta":{"_monsterinsights_skip_tracking":false,"_monsterinsights_sitenote_active":false,"_monsterinsights_sitenote_note":"","_monsterinsights_sitenote_category":0,"footnotes":""},"categories":[35155],"tags":[45490,43675,18394,169],"class_list":["post-271608","post","type-post","status-publish","format-standard","has-post-thumbnail","hentry","category-estado-de-mexico-estado-de-mexico","tag-denisse-ugalde-alegria","tag-estado-de-mexico","tag-infraestructura","tag-tlalnepantla"],"_links":{"self":[{"href":"https:\/\/www.diarioimagen.net\/index.php?rest_route=\/wp\/v2\/posts\/271608","targetHints":{"allow":["GET"]}}],"collection":[{"href":"https:\/\/www.diarioimagen.net\/index.php?rest_route=\/wp\/v2\/posts"}],"about":[{"href":"https:\/\/www.diarioimagen.net\/index.php?rest_route=\/wp\/v2\/types\/post"}],"author":[{"embeddable":true,"href":"https:\/\/www.diarioimagen.net\/index.php?rest_route=\/wp\/v2\/users\/3"}],"replies":[{"embeddable":true,"href":"https:\/\/www.diarioimagen.net\/index.php?rest_route=%2Fwp%2Fv2%2Fcomments&post=271608"}],"version-history":[{"count":0,"href":"https:\/\/www.diarioimagen.net\/index.php?rest_route=\/wp\/v2\/posts\/271608\/revisions"}],"wp:featuredmedia":[{"embeddable":true,"href":"https:\/\/www.diarioimagen.net\/index.php?rest_route=\/wp\/v2\/media\/271731"}],"wp:attachment":[{"href":"https:\/\/www.diarioimagen.net\/index.php?rest_route=%2Fwp%2Fv2%2Fmedia&parent=271608"}],"wp:term":[{"taxonomy":"category","embeddable":true,"href":"https:\/\/www.diarioimagen.net\/index.php?rest_route=%2Fwp%2Fv2%2Fcategories&post=271608"},{"taxonomy":"post_tag","embeddable":true,"href":"https:\/\/www.diarioimagen.net\/index.php?rest_route=%2Fwp%2Fv2%2Ftags&post=271608"}],"curies":[{"name":"wp","href":"https:\/\/api.w.org\/{rel}","templated":true}]}}