{"id":271612,"date":"2016-05-30T00:04:06","date_gmt":"2016-05-30T05:04:06","guid":{"rendered":"http:\/\/www.diarioimagen.net\/?p=271612"},"modified":"2016-05-30T04:15:09","modified_gmt":"2016-05-30T09:15:09","slug":"entrega-de-apoyos-en-nicolas-romero","status":"publish","type":"post","link":"https:\/\/www.diarioimagen.net\/?p=271612","title":{"rendered":"Entrega de apoyos en Nicol\u00e1s Romero"},"content":{"rendered":"<p><a href=\"http:\/\/www.diarioimagen.net\/?attachment_id=271722\" rel=\"attachment wp-att-271722\"><img loading=\"lazy\" decoding=\"async\" class=\"aligncenter size-large wp-image-271722\" src=\"http:\/\/www.diarioimagen.net\/wp-content\/uploads\/2016\/05\/nicolas-romero-2877-420x236.jpg\" alt=\"nicolas-romero-2877\" width=\"420\" height=\"236\" srcset=\"https:\/\/www.diarioimagen.net\/wp-content\/uploads\/2016\/05\/nicolas-romero-2877-420x236.jpg 420w, https:\/\/www.diarioimagen.net\/wp-content\/uploads\/2016\/05\/nicolas-romero-2877-240x135.jpg 240w, https:\/\/www.diarioimagen.net\/wp-content\/uploads\/2016\/05\/nicolas-romero-2877-235x132.jpg 235w, https:\/\/www.diarioimagen.net\/wp-content\/uploads\/2016\/05\/nicolas-romero-2877-202x114.jpg 202w, https:\/\/www.diarioimagen.net\/wp-content\/uploads\/2016\/05\/nicolas-romero-2877-350x196.jpg 350w, https:\/\/www.diarioimagen.net\/wp-content\/uploads\/2016\/05\/nicolas-romero-2877-220x123.jpg 220w, https:\/\/www.diarioimagen.net\/wp-content\/uploads\/2016\/05\/nicolas-romero-2877-237x132.jpg 237w, https:\/\/www.diarioimagen.net\/wp-content\/uploads\/2016\/05\/nicolas-romero-2877.jpg 480w\" sizes=\"auto, (max-width: 420px) 100vw, 420px\" \/><\/a><\/p>\n<p>&nbsp;<\/p>\n<p><strong>Nicol\u00e1s Romero, Estado de M\u00e9xico.- <\/strong>Cumpliendo con la instrucci\u00f3n del gobernador del Estado de M\u00e9xico, Eruviel \u00c1vila Villegas, la presidenta municipal de esta demarcaci\u00f3n, Angelina Carre\u00f1o Mijares, hizo entrega de canastas alimenticias en beneficio de familias nicolasromerenses; asimismo, en su mensaje, la alcaldesa se\u00f1ala\u00a0que se promueve una mejor nutrici\u00f3n y se contribuye a la sana alimentaci\u00f3n.<\/p>\n<p>&nbsp;<\/p>\n","protected":false},"excerpt":{"rendered":"<p>Cumpliendo con la instrucci\u00f3n del gobernador del Estado de M\u00e9xico, Eruviel \u00c1vila Villegas, la presidenta municipal de esta demarcaci\u00f3n, Angelina Carre\u00f1o Mijares, hizo entrega de canastas alimenticias en beneficio de familias nicolasromerenses; asimismo, en su mensaje, la alcaldesa se\u00f1ala que se promueve una mejor nutrici\u00f3n y se contribuye a la sana alimentaci\u00f3n.<\/p>\n","protected":false},"author":3,"featured_media":271722,"comment_status":"open","ping_status":"open","sticky":false,"template":"","format":"standard","meta":{"_monsterinsights_skip_tracking":false,"_monsterinsights_sitenote_active":false,"_monsterinsights_sitenote_note":"","_monsterinsights_sitenote_category":0,"footnotes":""},"categories":[35155],"tags":[47248,18678,43675,752],"class_list":["post-271612","post","type-post","status-publish","format-standard","has-post-thumbnail","hentry","category-estado-de-mexico-estado-de-mexico","tag-angelina-carreno-mijares","tag-apoyos","tag-estado-de-mexico","tag-nicolas-romero"],"_links":{"self":[{"href":"https:\/\/www.diarioimagen.net\/index.php?rest_route=\/wp\/v2\/posts\/271612","targetHints":{"allow":["GET"]}}],"collection":[{"href":"https:\/\/www.diarioimagen.net\/index.php?rest_route=\/wp\/v2\/posts"}],"about":[{"href":"https:\/\/www.diarioimagen.net\/index.php?rest_route=\/wp\/v2\/types\/post"}],"author":[{"embeddable":true,"href":"https:\/\/www.diarioimagen.net\/index.php?rest_route=\/wp\/v2\/users\/3"}],"replies":[{"embeddable":true,"href":"https:\/\/www.diarioimagen.net\/index.php?rest_route=%2Fwp%2Fv2%2Fcomments&post=271612"}],"version-history":[{"count":0,"href":"https:\/\/www.diarioimagen.net\/index.php?rest_route=\/wp\/v2\/posts\/271612\/revisions"}],"wp:featuredmedia":[{"embeddable":true,"href":"https:\/\/www.diarioimagen.net\/index.php?rest_route=\/wp\/v2\/media\/271722"}],"wp:attachment":[{"href":"https:\/\/www.diarioimagen.net\/index.php?rest_route=%2Fwp%2Fv2%2Fmedia&parent=271612"}],"wp:term":[{"taxonomy":"category","embeddable":true,"href":"https:\/\/www.diarioimagen.net\/index.php?rest_route=%2Fwp%2Fv2%2Fcategories&post=271612"},{"taxonomy":"post_tag","embeddable":true,"href":"https:\/\/www.diarioimagen.net\/index.php?rest_route=%2Fwp%2Fv2%2Ftags&post=271612"}],"curies":[{"name":"wp","href":"https:\/\/api.w.org\/{rel}","templated":true}]}}