{"id":271614,"date":"2016-05-30T00:06:13","date_gmt":"2016-05-30T05:06:13","guid":{"rendered":"http:\/\/www.diarioimagen.net\/?p=271614"},"modified":"2016-05-30T04:43:08","modified_gmt":"2016-05-30T09:43:08","slug":"firman-convenio-metepec-e-instituto-de-la-vivienda","status":"publish","type":"post","link":"https:\/\/www.diarioimagen.net\/?p=271614","title":{"rendered":"Firman convenio Metepec e Instituto de la Vivienda"},"content":{"rendered":"<ul>\n<li><strong><em>Entregan t\u00edtulos de propiedad<\/em><\/strong><\/li>\n<\/ul>\n<p>&nbsp;<\/p>\n<div id=\"attachment_271724\" style=\"width: 430px\" class=\"wp-caption aligncenter\"><a href=\"http:\/\/www.diarioimagen.net\/?attachment_id=271724\" rel=\"attachment wp-att-271724\"><img loading=\"lazy\" decoding=\"async\" aria-describedby=\"caption-attachment-271724\" class=\"size-large wp-image-271724\" src=\"http:\/\/www.diarioimagen.net\/wp-content\/uploads\/2016\/05\/METEPEC-2877-420x280.jpg\" alt=\"El secretario del Ayuntamiento, Alejandro Abad Lara Terr\u00f3n y el director general del Imevis, Gerardo Monroy Serrano, signaron un convenio para la regularizaci\u00f3n de la tenencia de la tierra.\" width=\"420\" height=\"280\" srcset=\"https:\/\/www.diarioimagen.net\/wp-content\/uploads\/2016\/05\/METEPEC-2877-420x280.jpg 420w, https:\/\/www.diarioimagen.net\/wp-content\/uploads\/2016\/05\/METEPEC-2877-240x160.jpg 240w, https:\/\/www.diarioimagen.net\/wp-content\/uploads\/2016\/05\/METEPEC-2877.jpg 700w\" sizes=\"auto, (max-width: 420px) 100vw, 420px\" \/><\/a><p id=\"caption-attachment-271724\" class=\"wp-caption-text\">El secretario del Ayuntamiento, Alejandro Abad Lara Terr\u00f3n y el director general del Imevis, Gerardo Monroy Serrano, signaron un convenio para la regularizaci\u00f3n de la tenencia de la tierra.<\/p><\/div>\n<p>&nbsp;<\/p>\n<p><strong>Metepec, Estado de M\u00e9xico<\/strong>.- El gobierno local formaliz\u00f3 lo que viene ya trabajando desde hace varias semanas, coordinadamente con el Instituto Mexiquense de la Vivienda Social (Imevis), a trav\u00e9s de la firma de convenio de colaboraci\u00f3n que permitir\u00e1, entre otros beneficios, prevenir asentamientos humanos irregulares, integraci\u00f3n de la reserva territorial, mejoramiento de viviendas y regulaci\u00f3n del suelo.<\/p>\n<p>El documento signado por el secretario del Ayuntamiento, Alejandro Abad Lara Terr\u00f3n y el director general del Imevis, Gerardo Monroy Serrano, permitir\u00e1 atender diversas demandas sociales que tienen que ver con el crecimiento urbano ordenado, regularizaci\u00f3n de la tenencia de la tierra y facilitar escenarios de bienestar y desarrollo para los habitantes de la demarcaci\u00f3n.<\/p>\n<p>En el acto, celebrado en el centro social de la colonia Las Marinas, en representaci\u00f3n del alcalde David L\u00f3pez C\u00e1rdenas, el responsable de la pol\u00edtica interna del municipio, Alejandro Abad, destac\u00f3 que la sociedad exige de sus autoridades cercan\u00eda y responsabilidad para lograr con hechos, obras y acciones que repercutan en mejores condiciones de vida para la poblaci\u00f3n y adem\u00e1s, dijo, de constante prosperidad.<\/p>\n<p>As\u00ed, destac\u00f3 la firme convicci\u00f3n del gobernador Eruviel \u00c1vila, para construir junto con los municipios, un ente de resultados y visi\u00f3n para garantizar un desarrollo sustentado en la legalidad.<\/p>\n<p>En el mismo evento, el Imevis entreg\u00f3 204 t\u00edtulos de propiedad a igual n\u00famero de beneficiados de los municipios de Metepec, Toluca, Calimaya y Xonacatl\u00e1n, permitiendo con ello otorgar certeza jur\u00eddica de sus patrimonios.<\/p>\n<p>Gerardo Monroy Serrano destac\u00f3 que con el prop\u00f3sito de contribuir a la econom\u00eda familiar, se realizar\u00e1 en el corto tiempo, un programa de cancelaci\u00f3n de hipotecas del gobierno del Estado de M\u00e9xico, el cual ser\u00e1 ejecutado bajo la directriz de la Secretar\u00eda de Desarrollo Urbano y Metropolitano y el Imevis, en coordinaci\u00f3n con el Infonavit, Fovissste y el ISSEMyM.<\/p>\n<p>&nbsp;<\/p>\n","protected":false},"excerpt":{"rendered":"<p>El gobierno local formaliz\u00f3 lo que viene ya trabajando desde hace varias semanas, coordinadamente con el Instituto Mexiquense de la Vivienda Social (Imevis), a trav\u00e9s de la firma de convenio de colaboraci\u00f3n que permitir\u00e1, entre otros beneficios, prevenir asentamientos humanos irregulares, integraci\u00f3n de la reserva territorial, mejoramiento de viviendas y regulaci\u00f3n del suelo.<\/p>\n","protected":false},"author":3,"featured_media":271724,"comment_status":"open","ping_status":"open","sticky":false,"template":"","format":"standard","meta":{"_monsterinsights_skip_tracking":false,"_monsterinsights_sitenote_active":false,"_monsterinsights_sitenote_note":"","_monsterinsights_sitenote_category":0,"footnotes":""},"categories":[35155],"tags":[43675,3255,876],"class_list":["post-271614","post","type-post","status-publish","format-standard","has-post-thumbnail","hentry","category-estado-de-mexico-estado-de-mexico","tag-estado-de-mexico","tag-instituto-mexiquense-de-la-vivienda-social","tag-metepec"],"_links":{"self":[{"href":"https:\/\/www.diarioimagen.net\/index.php?rest_route=\/wp\/v2\/posts\/271614","targetHints":{"allow":["GET"]}}],"collection":[{"href":"https:\/\/www.diarioimagen.net\/index.php?rest_route=\/wp\/v2\/posts"}],"about":[{"href":"https:\/\/www.diarioimagen.net\/index.php?rest_route=\/wp\/v2\/types\/post"}],"author":[{"embeddable":true,"href":"https:\/\/www.diarioimagen.net\/index.php?rest_route=\/wp\/v2\/users\/3"}],"replies":[{"embeddable":true,"href":"https:\/\/www.diarioimagen.net\/index.php?rest_route=%2Fwp%2Fv2%2Fcomments&post=271614"}],"version-history":[{"count":0,"href":"https:\/\/www.diarioimagen.net\/index.php?rest_route=\/wp\/v2\/posts\/271614\/revisions"}],"wp:featuredmedia":[{"embeddable":true,"href":"https:\/\/www.diarioimagen.net\/index.php?rest_route=\/wp\/v2\/media\/271724"}],"wp:attachment":[{"href":"https:\/\/www.diarioimagen.net\/index.php?rest_route=%2Fwp%2Fv2%2Fmedia&parent=271614"}],"wp:term":[{"taxonomy":"category","embeddable":true,"href":"https:\/\/www.diarioimagen.net\/index.php?rest_route=%2Fwp%2Fv2%2Fcategories&post=271614"},{"taxonomy":"post_tag","embeddable":true,"href":"https:\/\/www.diarioimagen.net\/index.php?rest_route=%2Fwp%2Fv2%2Ftags&post=271614"}],"curies":[{"name":"wp","href":"https:\/\/api.w.org\/{rel}","templated":true}]}}