{"id":271639,"date":"2016-05-30T00:02:59","date_gmt":"2016-05-30T05:02:59","guid":{"rendered":"http:\/\/www.diarioimagen.net\/?p=271639"},"modified":"2016-05-30T22:25:22","modified_gmt":"2016-05-31T03:25:22","slug":"se-posiciona-el-pais-entre-los-emergentes-mas-solidos-ceesp","status":"publish","type":"post","link":"https:\/\/www.diarioimagen.net\/?p=271639","title":{"rendered":"Se posiciona el pa\u00eds entre los emergentes m\u00e1s s\u00f3lidos: CEESP"},"content":{"rendered":"<ul>\n<li><strong><em>Fortaleza econ\u00f3mica<\/em><\/strong><\/li>\n<\/ul>\n<p>&nbsp;<\/p>\n<div id=\"attachment_271748\" style=\"width: 430px\" class=\"wp-caption aligncenter\"><a href=\"http:\/\/www.diarioimagen.net\/?attachment_id=271748\" rel=\"attachment wp-att-271748\"><img loading=\"lazy\" decoding=\"async\" aria-describedby=\"caption-attachment-271748\" class=\"size-large wp-image-271748\" src=\"http:\/\/www.diarioimagen.net\/wp-content\/uploads\/2016\/05\/fmi-2877-420x272.jpg\" alt=\"La nueva l\u00ednea de cr\u00e9dito del FMI fortalece la solidez de la econom\u00eda mexicana y reanima la confianza del entorno internacional, sostuvo el CEESP.\" width=\"420\" height=\"272\" srcset=\"https:\/\/www.diarioimagen.net\/wp-content\/uploads\/2016\/05\/fmi-2877-420x272.jpg 420w, https:\/\/www.diarioimagen.net\/wp-content\/uploads\/2016\/05\/fmi-2877-240x155.jpg 240w, https:\/\/www.diarioimagen.net\/wp-content\/uploads\/2016\/05\/fmi-2877.jpg 700w\" sizes=\"auto, (max-width: 420px) 100vw, 420px\" \/><\/a><p id=\"caption-attachment-271748\" class=\"wp-caption-text\">La nueva l\u00ednea de cr\u00e9dito del FMI fortalece la solidez de la econom\u00eda mexicana y reanima la confianza del entorno internacional, sostuvo el CEESP.<\/p><\/div>\n<p>&nbsp;<\/p>\n<p>La fortaleza macroecon\u00f3mica de M\u00e9xico lo ha posicionado como una de las naciones emergentes m\u00e1s s\u00f3lidas, permiti\u00e9ndole tener acceso a los beneficios financieros internacionales, destac\u00f3 el Centro de Estudios Econ\u00f3micos del Sector Privado (CEESP).<\/p>\n<p>Ante ello, se\u00f1ala, el Fondo Monetario Internacional (FMI) aprob\u00f3 la renovaci\u00f3n de la l\u00ednea de cr\u00e9dito flexible de la que goza M\u00e9xico desde 2009, que en esta ocasi\u00f3n tendr\u00e1 una vigencia de dos a\u00f1os por un monto de 88 mil millones de d\u00f3lares, 21 mil millones m\u00e1s que en el acuerdo anterior.<\/p>\n<p>Esta l\u00ednea de cr\u00e9dito, adem\u00e1s de fortalecer la solidez de la econom\u00eda mexicana, puede reanimar la confianza del entorno internacional, sostuvo en su publicaci\u00f3n semanal \u201cAn\u00e1lisis econ\u00f3mico ejecutivo\u201d.<\/p>\n<p>Estima que estas decisiones, adem\u00e1s de resaltar la solidez de la econom\u00eda, comprometen m\u00e1s a M\u00e9xico con el avance en todas aquellas medidas que contribuyan a mejorar el ritmo de crecimiento y bienestar de los hogares, en un entorno de Estado de derecho y de cumplimiento de las leyes.<\/p>\n<p>\u201cEn medio del adverso ambiente externo hay aspectos positivos que se deben resaltar, como es la fortaleza macroecon\u00f3mica que ha mantenido el pa\u00eds en un entorno tan dif\u00edcil, independientemente de la inquietud y el posible efecto que han generado temas como la corrupci\u00f3n, impunidad e inseguridad\u201d.<\/p>\n<p>No obstante, la fuerza con la que evoluciona la econom\u00eda no es suficiente para contrarrestar el impacto de la debilidad del entorno externo, como se refleja en el hecho de que la Secretar\u00eda de Hacienda y el Banco de M\u00e9xico modificaron sus expectativas de crecimiento.<\/p>\n<p>Refiere que la Secretar\u00eda de Hacienda redujo en cuatro d\u00e9cimas de punto el rango de avance esperado para 2016, para ubicarlo de 2.2 a 3.2 por ciento, y sin cambio su pron\u00f3stico para 2017, de 2.3 a 3.6 por ciento.<\/p>\n<p>Por el contrario, el Banco de M\u00e9xico mantuvo su estimaci\u00f3n para este a\u00f1o, en un rango de 2.0 a 3.0 por ciento, y la redujo en dos d\u00e9cimas para el siguiente a\u00f1o, a un intervalo de 2.3 a 3.3 por ciento.<\/p>\n<p>El organismo de investigaci\u00f3n y an\u00e1lisis del sector privado considera que estos ajustes pueden responder tambi\u00e9n a que las fuentes de crecimiento interno se apoyan en factores temporales.<\/p>\n<p>Entre los anteriores, menciona el importante aumento del gasto electoral por las pr\u00f3ximas elecciones en 13 entidades y la selecci\u00f3n del constituyente para la elaboraci\u00f3n de la Constituci\u00f3n de la Ciudad de M\u00e9xico, as\u00ed como el efecto de las remesas o la evoluci\u00f3n del cr\u00e9dito.<\/p>\n<p>Precisa que el \u00fanico factor que puede seguir con un efecto favorable es la inflaci\u00f3n, dada la holgura que tiene respecto al crecimiento de la econom\u00eda, aunque la volatilidad del tipo de cambio en alg\u00fan momento podr\u00eda reflejarse en aumentos en los precios al consumidor.<\/p>\n<p>&nbsp;<\/p>\n","protected":false},"excerpt":{"rendered":"<p>La fortaleza macroecon\u00f3mica de M\u00e9xico lo ha posicionado como una de las naciones emergentes m\u00e1s s\u00f3lidas, permiti\u00e9ndole tener acceso a los beneficios financieros internacionales, destac\u00f3 el Centro de Estudios Econ\u00f3micos del Sector Privado (CEESP).<\/p>\n","protected":false},"author":3,"featured_media":271748,"comment_status":"open","ping_status":"open","sticky":false,"template":"","format":"standard","meta":{"_monsterinsights_skip_tracking":false,"_monsterinsights_sitenote_active":false,"_monsterinsights_sitenote_note":"","_monsterinsights_sitenote_category":0,"footnotes":""},"categories":[8],"tags":[1274,43678,1481,44],"class_list":["post-271639","post","type-post","status-publish","format-standard","has-post-thumbnail","hentry","category-finanzas","tag-ceesp","tag-finanzas","tag-fmi","tag-mexico"],"_links":{"self":[{"href":"https:\/\/www.diarioimagen.net\/index.php?rest_route=\/wp\/v2\/posts\/271639","targetHints":{"allow":["GET"]}}],"collection":[{"href":"https:\/\/www.diarioimagen.net\/index.php?rest_route=\/wp\/v2\/posts"}],"about":[{"href":"https:\/\/www.diarioimagen.net\/index.php?rest_route=\/wp\/v2\/types\/post"}],"author":[{"embeddable":true,"href":"https:\/\/www.diarioimagen.net\/index.php?rest_route=\/wp\/v2\/users\/3"}],"replies":[{"embeddable":true,"href":"https:\/\/www.diarioimagen.net\/index.php?rest_route=%2Fwp%2Fv2%2Fcomments&post=271639"}],"version-history":[{"count":0,"href":"https:\/\/www.diarioimagen.net\/index.php?rest_route=\/wp\/v2\/posts\/271639\/revisions"}],"wp:featuredmedia":[{"embeddable":true,"href":"https:\/\/www.diarioimagen.net\/index.php?rest_route=\/wp\/v2\/media\/271748"}],"wp:attachment":[{"href":"https:\/\/www.diarioimagen.net\/index.php?rest_route=%2Fwp%2Fv2%2Fmedia&parent=271639"}],"wp:term":[{"taxonomy":"category","embeddable":true,"href":"https:\/\/www.diarioimagen.net\/index.php?rest_route=%2Fwp%2Fv2%2Fcategories&post=271639"},{"taxonomy":"post_tag","embeddable":true,"href":"https:\/\/www.diarioimagen.net\/index.php?rest_route=%2Fwp%2Fv2%2Ftags&post=271639"}],"curies":[{"name":"wp","href":"https:\/\/api.w.org\/{rel}","templated":true}]}}